{"id":8748,"date":"2011-08-21T20:14:38","date_gmt":"2011-08-22T00:14:38","guid":{"rendered":"http:\/\/retrolab.ca\/elpopular\/?p=8748"},"modified":"2011-08-21T20:14:38","modified_gmt":"2011-08-22T00:14:38","slug":"brasil-campeon-y-colombia-inolvidable","status":"publish","type":"post","link":"https:\/\/diarioelpopular.com\/index.php\/2011\/08\/21\/brasil-campeon-y-colombia-inolvidable\/","title":{"rendered":"Brasil, campe\u00f3n, y Colombia, inolvidable"},"content":{"rendered":"<div id=\"attachment_8749\" style=\"width: 710px\" class=\"wp-caption aligncenter\"><a href=\"http:\/\/retrolab.ca\/elpopular\/wp-content\/uploads\/2011\/08\/Brasil-campe\u00f3n-del-Mundial-Sub20.jpg\"><img loading=\"lazy\" decoding=\"async\" aria-describedby=\"caption-attachment-8749\" class=\"size-full wp-image-8749\" title=\"Brasil, campe\u00f3n del Mundial Sub'20\" src=\"http:\/\/retrolab.ca\/elpopular\/wp-content\/uploads\/2011\/08\/Brasil-campe\u00f3n-del-Mundial-Sub20.jpg\" alt=\"\" width=\"700\" height=\"420\" \/><\/a><p id=\"caption-attachment-8749\" class=\"wp-caption-text\">El jugador de Brasil Bruno Uvini sostiene el trofeo de campe\u00f3n junto a sus compa\u00f1eros, tras la victoria ante Portugal en la final del Mundial Sub 20, disputada en el estadio El Camp\u00edn de Bogot\u00e1 (Colombia). Foto: Carlos Dur\u00e1n \/ Efe<\/p><\/div>\n<p><em><strong>Ram\u00f3n Orosa. Bogot\u00e1.- <\/strong><\/em>La selecci\u00f3n de Brasil impuso su hist\u00f3rica jerarqu\u00eda y <a href=\"https:\/\/diarioelpopular.com\/2011\/08\/brasil-conquista-su-quinto-mundial-sub20\/\">se llev\u00f3 el XVIII Campeonato del Mundo\u00a0Sub&#8217;20<\/a> disputado en Colombia, un pa\u00eds que el mundo del f\u00fatbol ya no olvidar\u00e1 jam\u00e1s ante el calor, el cari\u00f1o y la pasi\u00f3n que le puso a un torneo que se tom\u00f3 como un Mundial absoluto.<\/p>\n<p>No ha habido nadie que p\u00fablicamente haya puesto un pero al trato recibido en el pa\u00eds del caf\u00e9 y casi nadie que no haya agradecido una y otra vez el comportamiento que hacia \u00e9l ha tenido un pueblo colombiano absolutamente entregado al torneo.<\/p>\n<p>Bogot\u00e1, Medell\u00edn, Cali, Cartagena, Barranquilla y las tres ciudades maravilloso del Eje Cafetero, Manizales, Pereira y Armenia, ya han quedado en el coraz\u00f3n de quien ha tenido la fortuna o el acierto de visitarlas durante el evento.<\/p>\n<p>Colombia ha mostrado con ellas el pa\u00eds al mundo de una manera muy diferente a como tiene acostumbrado. \u00bfSer\u00e1 el Mundial un antes y despu\u00e9s en la imagen que proyecta un pa\u00eds a\u00fan lleno de lastres y contrates, pero tambi\u00e9n de maravillas?<\/p>\n<p>En lo deportivo, el torneo fue quiz\u00e1s de menos a m\u00e1s con el cl\u00edmax en cuartos de final. All\u00ed se quedaron en el camino tres de los escuadras que promet\u00edan un final realmente espectacular: la ilusionada y entregada Colombia, la poderosa y acad\u00e9mica Espa\u00f1a y la acreditada y competitiva Argentina.<\/p>\n<p>Fue un golpe duro para el torneo tres bajas de tama\u00f1a envergadura. Fundamentalmente porque la local, que ten\u00eda en vilo y levitando al pa\u00eds, no pudo participar en la fiesta final, donde la esperaban miles y miles de incondicionales.<\/p>\n<p>Argentina tir\u00f3 por la borda una tanda de penaltis que ten\u00eda ganada frente a una Portugal discreta hasta entonces, pero espl\u00e9ndida, de la mano del colosal Nelson Oliveira, a partir del milagro vivido.<\/p>\n<p>Por Espa\u00f1a, entr\u00f3 Brasil en la fase final. O sea, casi lo mismo, ante la admiraci\u00f3n que le profesa una tierra que le tuvo como local cuando var\u00f3 Colombia.<\/p>\n<p>Gabriel, Henrique y, ya en la final, Oscar son las tres figuras verdeamarelhas que quedan para el futuro. Los tres sacaron a su equipo de momentos l\u00edmites en los que parec\u00eda condenado. Siempre acude alguien al rescate de Brasil.<\/p>\n<p>Tambi\u00e9n se recordar\u00e1 de este campeonato a M\u00e9xico, con la imponente presencia del chat\u00f3n Jorge Enr\u00edquez en medio campo y Ulises D\u00e1vila embistiendo una y otra vez a la defensa rival. Como tambi\u00e9n al tr\u00edo m\u00e1gico Ortega-James-Muriel que tir\u00f3 de Colombia hasta cuando pudo.<\/p>\n<p>O de la primera fase de Egipto, que empat\u00f3 con Brasil, y las goleadoras Arabia Saud\u00ed y Nigeria; de la milagrosa clasificaci\u00f3n de la hasta entonces in\u00e9dita Guatemala y del exquisito f\u00fatbol de Espa\u00f1a. Su partido frente a Brasil en cuartos, sin premio final, ser\u00eda la mejor manera de promocionar el f\u00fatbol en cualquier lugar del planeta. Ese d\u00eda los de Julen Lopetegui pusieron un &#8216;jogo bonito&#8217; como pocas veces se recuerda.<\/p>\n<p>Como no pod\u00eda ser de otra manera en un campeonato de este tipo, tambi\u00e9n ha habido decepciones. La primera, la de Uruguay, de las primeras eliminadas en un a\u00f1o que estaba siendo m\u00e1gico para la Celeste.<\/p>\n<p>Tampoco Francia dio mucho de s\u00ed, a pesar de llegar al s\u00e9ptimo partido. Inglaterra regres\u00f3 a casa sonrojada y sin haber marcado un solo gol. El resto el f\u00fatbol europeo ajeno a la pen\u00ednsula ib\u00e9rica casi ni se dio a conocer. Y tampoco del africano, correcto al principio pero pronto fuera de competici\u00f3n, o del asi\u00e1tico-oce\u00e1nico, en su discreta l\u00ednea de anta\u00f1o, se puede decir mucho.<\/p>\n<p>En definitiva, un torneo dominado de nuevo por Brasil, ya con cinco entorchados e igualando a la absoluta, y que ha dejado a la entregada Colombia, que vivi\u00f3 el torneo como raramente se vive un\u00a0sub&#8217;20, de anfitri\u00f3n casi inigualable y aspirante al torneo mayor.<\/p>\n<p>Ser\u00e1 dif\u00edcil que pueda lograrlo y en todo caso ser\u00e1 dentro de muchos a\u00f1os. Pero una parte del camino que lleva a conseguirlo ya lo conoce: calor y cari\u00f1o al visitante; y pasi\u00f3n, mucha pasi\u00f3n, por el f\u00fatbol.<\/p>\n","protected":false},"excerpt":{"rendered":"<p>La selecci\u00f3n de Brasil impuso su hist\u00f3rica jerarqu\u00eda y se llev\u00f3 el XVIII Campeonato del Mundo Sub&#8217;20 disputado en Colombia, un pa\u00eds que el mundo del f\u00fatbol ya no olvidar\u00e1 jam\u00e1s ante el calor, el cari\u00f1o y la pasi\u00f3n que le puso a un torneo que se tom\u00f3 como un Mundial absoluto.<br \/>\n<a href=\"http:\/\/retrolab.ca\/elpopular\/2011\/08\/brasil-conquista-su-quinto-mundial-sub20\/\"><span style=\"color: #000D54\">\u00bb Brasil conquista su quinto Mundial Sub&#8217;20<\/span><\/a><\/p>\n","protected":false},"author":1,"featured_media":8749,"comment_status":"closed","ping_status":"open","sticky":false,"template":"","format":"standard","meta":{"footnotes":""},"categories":[28],"tags":[478,486,179,3009,6997],"class_list":["post-8748","post","type-post","status-publish","format-standard","has-post-thumbnail","hentry","category-deportes","tag-brasil","tag-colombia","tag-futbol-2","tag-mundial","tag-sub20"],"_links":{"self":[{"href":"https:\/\/diarioelpopular.com\/index.php\/wp-json\/wp\/v2\/posts\/8748","targetHints":{"allow":["GET"]}}],"collection":[{"href":"https:\/\/diarioelpopular.com\/index.php\/wp-json\/wp\/v2\/posts"}],"about":[{"href":"https:\/\/diarioelpopular.com\/index.php\/wp-json\/wp\/v2\/types\/post"}],"author":[{"embeddable":true,"href":"https:\/\/diarioelpopular.com\/index.php\/wp-json\/wp\/v2\/users\/1"}],"replies":[{"embeddable":true,"href":"https:\/\/diarioelpopular.com\/index.php\/wp-json\/wp\/v2\/comments?post=8748"}],"version-history":[{"count":0,"href":"https:\/\/diarioelpopular.com\/index.php\/wp-json\/wp\/v2\/posts\/8748\/revisions"}],"wp:featuredmedia":[{"embeddable":true,"href":"https:\/\/diarioelpopular.com\/index.php\/wp-json\/"}],"wp:attachment":[{"href":"https:\/\/diarioelpopular.com\/index.php\/wp-json\/wp\/v2\/media?parent=8748"}],"wp:term":[{"taxonomy":"category","embeddable":true,"href":"https:\/\/diarioelpopular.com\/index.php\/wp-json\/wp\/v2\/categories?post=8748"},{"taxonomy":"post_tag","embeddable":true,"href":"https:\/\/diarioelpopular.com\/index.php\/wp-json\/wp\/v2\/tags?post=8748"}],"curies":[{"name":"wp","href":"https:\/\/api.w.org\/{rel}","templated":true}]}}