{"id":8783,"date":"2011-08-21T22:42:02","date_gmt":"2011-08-22T02:42:02","guid":{"rendered":"http:\/\/retrolab.ca\/elpopular\/?p=8783"},"modified":"2011-08-21T22:42:02","modified_gmt":"2011-08-22T02:42:02","slug":"sutton-sorprende-en-el-primer-esprint-de-la-vuelta","status":"publish","type":"post","link":"https:\/\/diarioelpopular.com\/index.php\/2011\/08\/21\/sutton-sorprende-en-el-primer-esprint-de-la-vuelta\/","title":{"rendered":"Sutton sorprende en el primer esprint de la Vuelta"},"content":{"rendered":"<div id=\"attachment_8784\" style=\"width: 710px\" class=\"wp-caption aligncenter\"><a href=\"http:\/\/retrolab.ca\/elpopular\/wp-content\/uploads\/2011\/08\/Sutton-sorprende-en-el-primer-esprint-de-la-Vuelta-a-Espa\u00f1a.jpg\"><img loading=\"lazy\" decoding=\"async\" aria-describedby=\"caption-attachment-8784\" class=\"size-full wp-image-8784\" title=\"Sutton sorprende en el primer esprint de la Vuelta a Espa\u00f1a\" src=\"http:\/\/retrolab.ca\/elpopular\/wp-content\/uploads\/2011\/08\/Sutton-sorprende-en-el-primer-esprint-de-la-Vuelta-a-Espa\u00f1a.jpg\" alt=\"\" width=\"700\" height=\"420\" \/><\/a><p id=\"caption-attachment-8784\" class=\"wp-caption-text\">El australiano Christopher Sutton, del Sky, celebra su victoria al esprint en la segunda etapa de la Vuelta Ciclista a Espa\u00f1a. Foto: Jos\u00e9 Manuel Vidal \/ Efe<\/p><\/div>\n<p><em><strong>Carlos de Torres. Orihuela (Espa\u00f1a).- <\/strong><\/em>El australiano Christopher Sutton, del Sky, dio la sorpresa al adjudicarse al esprint la segunda etapa de la\u00a0Vuelta, disputada entre La Nuc\u00eda y Playas de Orihuela, de 174 kil\u00f3metros, en la que el italiano Daniele Bennati (Leopard) se convirti\u00f3, por punt\u00f3metro, en nuevo l\u00edder.<\/p>\n<p>Sutton, de 26 a\u00f1os y procedente de la escuela del ciclismo en pista, no estaba invitado a la fiesta prevista para los grandes velocistas en su primera oportunidad, pero aprovech\u00f3 un desordenado esprint lanzado por el belga Tom Boonen y el suizo Fabian Cancellara para poner su nombre en el libro de honor de la\u00a0Vuelta.<\/p>\n<p>El\u00a0ciclista\u00a0de Sydney, que alz\u00f3 los brazos con un tiempo de 4h11.41, a una media de 41,5 kms\/hora, supo pescar en aguas revueltas en la meta de las Playas de Orihuela. Gan\u00f3 la partida al espa\u00f1ol Vicente Reynes (Omega Pharma) y al alem\u00e1n Marcel Kittel (Skil), e incluso a uno de los grandes &#8220;guepardos&#8221; del pelot\u00f3n, el estadounidense Tyler Farrar (Garmin), que fue cuarto.<\/p>\n<p>&#8220;Un sue\u00f1o hecho realidad. He venido a proteger a Wiggins, pero he pedido libertad de actuaci\u00f3n para intentar ganar. Sab\u00eda que al final sub\u00eda la carretera y pod\u00eda ser la etapa para m\u00ed&#8221;, se\u00f1al\u00f3 feliz Sutton.<\/p>\n<p>No acudieron a la cita los m\u00e1s afamados velocistas, Cavendish, Petacchi o Boonen, tal vez fuera de su escenario predilecto por el ligero repecho de 300 metros al 8 por ciento cercano a meta que citaba Sutton. S\u00ed lo hizo Daniele Bennati, sexto, quien por mejor puesto en la etapa desbanc\u00f3 a su compa\u00f1ero dan\u00e9s Jakob Fuglsang como titular de &#8220;la roja&#8221; de l\u00edder. Bennati envi\u00f3 la dedicatoria a su compa\u00f1ero Wouter Weylandt, fallecido en el Giro de Italia.<\/p>\n<p>La primera etapa en l\u00ednea de la\u00a0Vuelta\u00a0se resolvi\u00f3 conforme al gui\u00f3n previsto, aunque con protagonistas inesperados. M\u00e1s previsible fue la primera escapada de la presente edici\u00f3n, la cual no se hizo esperar.<\/p>\n<p>Se form\u00f3 apenas abandon\u00f3 Benidorm el pelot\u00f3n, cuando el term\u00f3metro mord\u00eda se\u00f1alando casi 40 grados. Se lanzaron a la primera aventura el alem\u00e1n Paul Martens (Rabobank), el australiano Adam Hansen (Omega), el franc\u00e9s Steve Houanard (Ag2r) y el sevillano de Carmona Jes\u00fas Rosendo (Andaluc\u00eda), un especialista en fugas.<\/p>\n<p>Estaba en juego el hecho de asomarse a las pantallas en la primera etapa en l\u00ednea y el estreno del jersey de la monta\u00f1a. El primer objetivo lo consiguieron los cuatro valientes que desafiaron el viaje que entraba y sal\u00eda por la costa alicantina, aunque las opciones de victoria nunca existieron. Fueron absorbidos por el pelot\u00f3n a 30 kil\u00f3metros de meta, aunque Hansen aguant\u00f3 un poco m\u00e1s.<\/p>\n<p>El segundo premio fue para Martens, que subi\u00f3 al podio como primer l\u00edder de las monta\u00f1a, y se puso el jersey blanco de puntos azules. Ese era el sue\u00f1o de Rosendo, pero el andaluz no pudo con su rival y fue declarado combativo de la jornada. Lo suyo son las fugas, con o sin premio, pero siempre tiene que ofrecer batalla. Maneras de correr.<\/p>\n<p>Un d\u00eda tranquilo para los favoritos, que sobrevivieron a una de esas etapas de transici\u00f3n en las que se conforman con no sufrir percances, y una jornada de gloria para Sutton, hijo del ex\u00a0ciclista\u00a0profesional Gary Sutton.<\/p>\n<p>No entraba en las quinielas, pero en el primer boleto que jug\u00f3 le toc\u00f3 el gordo. Los equipos de los esprinters anularon la fuga, pero ninguno de ellos control\u00f3 la llegada. El HTC quiso pero no puso, y adem\u00e1s le falt\u00f3 el australiano Matthew Goss, el vencedor de la Mil\u00e1n San Remo, primer retirado de la\u00a0Vuelta.<\/p>\n<p>Por si fuera poco Boonen y Cancellara se encargaron de reventar el esprint, por lo que aparecieron los segundos espadas. Sutton, que cuenta con casi una docena de victorias desde su debut profesional en 2006, entre ellas la Kuurne-Bruselas-Kuurne de este a\u00f1o, aprovech\u00f3 para presentarse en sociedad en Orihuela.<\/p>\n<p>Su \u00fanica experiencia en grandes vueltas fue un fiasco, pues lleg\u00f3 fuera de control en la decimosexta etapa del Giro 2008. Lo suyo era la pista, con doble t\u00edtulo nacional y un segundo puesto en la Copa del Mundo.<\/p>\n<p>Sutton ya puede volver al trabajo de protecci\u00f3n de Wiggins, con los deberes hechos. Los vientos de Orihuela le arrastraron a la victoria, y al podio, donde coincidi\u00f3 con Bernardo Ruiz, vecino ilustre de la localidad, el primer espa\u00f1ol que consigui\u00f3 un podio en el Tour de Francia y ganador de la\u00a0Vuelta\u00a0en 1948. La historia se asom\u00f3 a laVuelta, y ese d\u00eda empez\u00f3 a escribirla el\u00a0ciclista\u00a0de las ant\u00edpodas.<\/p>\n<p>La tercera etapa de la\u00a0Vuelta\u00a0llevar\u00e1 al pelot\u00f3n desde Petrer a Totana a trav\u00e9s de 163 kil\u00f3metros. Otra oportunidad para los velocistas.<\/p>\n","protected":false},"excerpt":{"rendered":"<p>El australiano Christopher Sutton dio la sorpresa al adjudicarse al esprint la segunda etapa de la Vuelta, disputada entre La Nuc\u00eda y Playas de Orihuela, de 174 kil\u00f3metros, en la que el italiano Daniele Bennati se convirti\u00f3 en nuevo l\u00edder.<\/p>\n","protected":false},"author":1,"featured_media":8784,"comment_status":"closed","ping_status":"open","sticky":false,"template":"","format":"standard","meta":{"footnotes":""},"categories":[28],"tags":[1215,444,7332],"class_list":["post-8783","post","type-post","status-publish","format-standard","has-post-thumbnail","hentry","category-deportes","tag-ciclismo","tag-espana","tag-vuelta"],"_links":{"self":[{"href":"https:\/\/diarioelpopular.com\/index.php\/wp-json\/wp\/v2\/posts\/8783","targetHints":{"allow":["GET"]}}],"collection":[{"href":"https:\/\/diarioelpopular.com\/index.php\/wp-json\/wp\/v2\/posts"}],"about":[{"href":"https:\/\/diarioelpopular.com\/index.php\/wp-json\/wp\/v2\/types\/post"}],"author":[{"embeddable":true,"href":"https:\/\/diarioelpopular.com\/index.php\/wp-json\/wp\/v2\/users\/1"}],"replies":[{"embeddable":true,"href":"https:\/\/diarioelpopular.com\/index.php\/wp-json\/wp\/v2\/comments?post=8783"}],"version-history":[{"count":0,"href":"https:\/\/diarioelpopular.com\/index.php\/wp-json\/wp\/v2\/posts\/8783\/revisions"}],"wp:featuredmedia":[{"embeddable":true,"href":"https:\/\/diarioelpopular.com\/index.php\/wp-json\/"}],"wp:attachment":[{"href":"https:\/\/diarioelpopular.com\/index.php\/wp-json\/wp\/v2\/media?parent=8783"}],"wp:term":[{"taxonomy":"category","embeddable":true,"href":"https:\/\/diarioelpopular.com\/index.php\/wp-json\/wp\/v2\/categories?post=8783"},{"taxonomy":"post_tag","embeddable":true,"href":"https:\/\/diarioelpopular.com\/index.php\/wp-json\/wp\/v2\/tags?post=8783"}],"curies":[{"name":"wp","href":"https:\/\/api.w.org\/{rel}","templated":true}]}}