{"id":8813,"date":"2011-08-21T21:07:51","date_gmt":"2011-08-22T01:07:51","guid":{"rendered":"http:\/\/retrolab.ca\/elpopular\/?p=8813"},"modified":"2011-08-21T21:07:51","modified_gmt":"2011-08-22T01:07:51","slug":"termenscatalunya-uber-alles-no-es-una-pelicula-buenista-de-inmigracion","status":"publish","type":"post","link":"https:\/\/diarioelpopular.com\/index.php\/2011\/08\/21\/termenscatalunya-uber-alles-no-es-una-pelicula-buenista-de-inmigracion\/","title":{"rendered":"T\u00e9rmens:&#8221;&#8216;Catalunya \u00fcber alles!&#8217; no es una pel\u00edcula buenista de inmigraci\u00f3n&#8221;"},"content":{"rendered":"<div id=\"attachment_8814\" style=\"width: 710px\" class=\"wp-caption aligncenter\"><a href=\"http:\/\/retrolab.ca\/elpopular\/wp-content\/uploads\/2011\/08\/Ramon-T\u00e9rmens.jpg\"><img loading=\"lazy\" decoding=\"async\" aria-describedby=\"caption-attachment-8814\" class=\"size-full wp-image-8814\" title=\"Ramon T\u00e9rmens\" src=\"http:\/\/retrolab.ca\/elpopular\/wp-content\/uploads\/2011\/08\/Ramon-T\u00e9rmens.jpg\" alt=\"\" width=\"700\" height=\"420\" \/><\/a><p id=\"caption-attachment-8814\" class=\"wp-caption-text\">El director espa\u00f1ol Ramon T\u00e9rmens, en Montreal. Foto: Efe<\/p><\/div>\n<p><em><strong>Cristina Garc\u00eda Casado. Montreal.- <\/strong><\/em>&#8220;Catalunya \u00fcber alles!&#8221;, una incisiva cinta sobre la xenofobia en un peque\u00f1o pueblo catal\u00e1n (noreste de Espa\u00f1a), se estren\u00f3 este domingo en el Festival de Pel\u00edculas del Mundo de Montreal, donde su director, Ramon T\u00e9rmens, defendi\u00f3 que no &#8220;es una pel\u00edcula buenista de inmigraci\u00f3n&#8221;.<\/p>\n<p>&#8220;He intentado que la historia no sea t\u00f3pica; quer\u00eda ir m\u00e1s all\u00e1 de la denuncia f\u00e1cil, por eso muestro las contradicciones de los discursos populistas xen\u00f3fobos e intento explicar las razones por las que yo creo que llegan a la gente&#8221;, ha explicado el director catal\u00e1n en una entrevista con Efe.<\/p>\n<p>En &#8220;Catalunya \u00fcber alles!&#8221; T\u00e9rmens utiliza la xenofobia en un pueblo del interior de Catalu\u00f1a para hablar de &#8220;un fen\u00f3meno europeo y mundial&#8221;: &#8220;lo que cuenta esta cinta puede extrapolarse a otros sitios de Espa\u00f1a o Europa, la intolerancia est\u00e1 a la orden del d\u00eda y eso nadie lo puede negar&#8221;, se\u00f1al\u00f3 el director.<\/p>\n<p>En la pel\u00edcula tiene gran protagonismo un partido pol\u00edtico ultraderechista con lema y planteamientos id\u00e9nticos al de la formaci\u00f3n catalana Plataforma per Catalunya (PxC), que lidera Joan Anglada y que se caracteriza por su discurso xen\u00f3fobo, y que ha conseguido tener representaci\u00f3n en varios ayuntamientos de la comunidad.<\/p>\n<p>&#8220;Aunque puede identificarse con un partido pol\u00edtico determinado, la pel\u00edcula va m\u00e1s all\u00e1; habla de cualquier partido europeo que tiene este tipo de discurso, no es una cosa que solo digan unos que salen en Catalu\u00f1a; incluso partidos mayoritarios ya est\u00e1n empezando a adoptar parte de estos discursos porque les dan votos&#8221;, dijo T\u00e9rmens.<\/p>\n<p>El director catal\u00e1n, que naci\u00f3 en un peque\u00f1o pueblo de Lleida, reconoce que su pel\u00edcula &#8220;conmociona por lo que trata y por c\u00f3mo se trato&#8221;, y aspira a que invite a la reflexi\u00f3n y al debate sobre un tema &#8220;candente que preocupa mucho hoy en d\u00eda&#8221;.<\/p>\n<p>&#8220;Yo no soy pol\u00edtico, ni tengo partido; tampoco esto es un retrato sociol\u00f3gico ni estad\u00edstico, yo simplemente he hecho una pel\u00edcula que plantea cosas que importan a la gente&#8221;, remacha.<\/p>\n<p>&#8220;&#8216;Catalunya \u00fcber alles!&#8221; no se estrenar\u00e1 en Espa\u00f1a hasta el pr\u00f3ximo 30 de septiembre pero desde que se difundi\u00f3 el extracto del filme en la red, a T\u00e9rmens le han llovido cr\u00edticas de quienes creen que su pel\u00edcula &#8220;loa el multiculturalismo a la vez que retrata a la sociedad catalana como racista&#8221;, tal y como puede leerse en una de las p\u00e1ginas de Internet que reprueban la cinta.<\/p>\n<p>&#8220;No entiendo el porqu\u00e9 de la pol\u00e9mica; para m\u00ed es una pol\u00e9mica un poco artificial porque a\u00fan no se ha visto la pel\u00edcula. Espero que la gente la vaya a ver en septiembre y que as\u00ed opinen con m\u00e1s conocimiento de causa&#8221;, dijo el director catal\u00e1n, a quien le ha pillado por sorpresa el impacto que ha tenido su tercer largometraje.<\/p>\n<p>Pero el joven cineasta, de 36 a\u00f1os, sabe verle el lado positivo a la pol\u00e9mica: &#8220;ha creado mucha expectativa, parece que la pel\u00edcula importa&#8221;, celebr\u00f3.<\/p>\n<p>A la espera de comprobar c\u00f3mo la recibe la taquilla espa\u00f1ola, &#8220;Catalunya \u00fcber alles&#8221; ya ha convencido al circuito de festivales: en M\u00e1laga obtuvo el Premio Especial del Jurado, el Premio del Jurado joven y una menci\u00f3n especial para el actor Babou Cham y ha sido seleccionada para concurrir en la secci\u00f3n &#8220;Made in Spain&#8221; del Festival de San Sebasti\u00e1n.<\/p>\n<p>Adem\u00e1s, acaba de tener su estreno internacional en el Festival de Cine de Montreal y viajar\u00e1 al London Spanish Film Festival y a la Pantalla Pinamar de Argentina.<\/p>\n","protected":false},"excerpt":{"rendered":"<p>&#8220;Catalunya \u00fcber alles!&#8221;, una incisiva cinta sobre la xenofobia en un peque\u00f1o pueblo catal\u00e1n, se estren\u00f3 este domingo en el Festival de Pel\u00edculas del Mundo de Montreal, donde su director, Ramon T\u00e9rmens, defendi\u00f3 que no &#8220;es una pel\u00edcula buenista de inmigraci\u00f3n&#8221;.<\/p>\n","protected":false},"author":1,"featured_media":8814,"comment_status":"closed","ping_status":"open","sticky":false,"template":"","format":"standard","meta":{"footnotes":""},"categories":[80],"tags":[7334,7307,7259,7260,400,7335],"class_list":["post-8813","post","type-post","status-publish","format-standard","has-post-thumbnail","hentry","category-cine-2","tag-catalunya-uber-alles","tag-festival-de-filmes-del-mundo-2011","tag-festival-de-peliculas-del-mundo","tag-festival-des-films-du-monde","tag-montreal","tag-ramon-termens"],"_links":{"self":[{"href":"https:\/\/diarioelpopular.com\/index.php\/wp-json\/wp\/v2\/posts\/8813","targetHints":{"allow":["GET"]}}],"collection":[{"href":"https:\/\/diarioelpopular.com\/index.php\/wp-json\/wp\/v2\/posts"}],"about":[{"href":"https:\/\/diarioelpopular.com\/index.php\/wp-json\/wp\/v2\/types\/post"}],"author":[{"embeddable":true,"href":"https:\/\/diarioelpopular.com\/index.php\/wp-json\/wp\/v2\/users\/1"}],"replies":[{"embeddable":true,"href":"https:\/\/diarioelpopular.com\/index.php\/wp-json\/wp\/v2\/comments?post=8813"}],"version-history":[{"count":0,"href":"https:\/\/diarioelpopular.com\/index.php\/wp-json\/wp\/v2\/posts\/8813\/revisions"}],"wp:featuredmedia":[{"embeddable":true,"href":"https:\/\/diarioelpopular.com\/index.php\/wp-json\/"}],"wp:attachment":[{"href":"https:\/\/diarioelpopular.com\/index.php\/wp-json\/wp\/v2\/media?parent=8813"}],"wp:term":[{"taxonomy":"category","embeddable":true,"href":"https:\/\/diarioelpopular.com\/index.php\/wp-json\/wp\/v2\/categories?post=8813"},{"taxonomy":"post_tag","embeddable":true,"href":"https:\/\/diarioelpopular.com\/index.php\/wp-json\/wp\/v2\/tags?post=8813"}],"curies":[{"name":"wp","href":"https:\/\/api.w.org\/{rel}","templated":true}]}}