{"id":8850,"date":"2011-08-22T04:34:33","date_gmt":"2011-08-22T08:34:33","guid":{"rendered":"http:\/\/retrolab.ca\/elpopular\/?p=8850"},"modified":"2011-08-22T04:34:33","modified_gmt":"2011-08-22T08:34:33","slug":"liga-hispana-gano-ciudad-de-quito-perdio-pichincha","status":"publish","type":"post","link":"https:\/\/diarioelpopular.com\/index.php\/2011\/08\/22\/liga-hispana-gano-ciudad-de-quito-perdio-pichincha\/","title":{"rendered":"Liga Hispana: Gan\u00f3 Ciudad de Quito, perdi\u00f3 Pichincha"},"content":{"rendered":"<p><em>Dos populares equipos de la Liga Hispanoamericana desde su fundaci\u00f3n en 1978 contaron con suertes dispares en la reciente fecha del torneo masters sub 40, que organiza por primera vez esta liga: Ciudad de Quito gan\u00f3 3-2 al Luc\u00edan FC, mientras que su contraparte del Pichincha perdi\u00f3 4-1 ante Azteca, en la jornada del pasado s\u00e1bado.<\/em><\/p>\n<div id=\"attachment_8852\" style=\"width: 810px\" class=\"wp-caption aligncenter\"><a href=\"http:\/\/retrolab.ca\/elpopular\/wp-content\/uploads\/2011\/08\/FOTO-4-LIGA-HIS\u00c5\u00a0NA-LUNES-22.jpg\"><img loading=\"lazy\" decoding=\"async\" aria-describedby=\"caption-attachment-8852\" class=\"size-full wp-image-8852\" title=\"El golero del Ciudad de Quito\" src=\"http:\/\/retrolab.ca\/elpopular\/wp-content\/uploads\/2011\/08\/FOTO-4-LIGA-HIS\u00c5\u00a0NA-LUNES-22.jpg\" alt=\"\" width=\"800\" height=\"709\" \/><\/a><p id=\"caption-attachment-8852\" class=\"wp-caption-text\">El golero del Ciudad de Quito, rechazando un bal\u00f3n ante varios delanteros de Luc\u00edan FC<\/p><\/div>\n<div id=\"attachment_8853\" style=\"width: 310px\" class=\"wp-caption alignright\"><a href=\"http:\/\/retrolab.ca\/elpopular\/wp-content\/uploads\/2011\/08\/FOTO-1-LIGA-HIS\u00c5\u00a0NA-LUNES-22.jpg\"><img loading=\"lazy\" decoding=\"async\" aria-describedby=\"caption-attachment-8853\" class=\"size-medium wp-image-8853\" title=\"Antonio Castro\" src=\"http:\/\/retrolab.ca\/elpopular\/wp-content\/uploads\/2011\/08\/FOTO-1-LIGA-HIS\u00c5\u00a0NA-LUNES-22-300x242.jpg\" alt=\"\" width=\"300\" height=\"242\" \/><\/a><p id=\"caption-attachment-8853\" class=\"wp-caption-text\">Antonio Castro, goleador del Ciudad de Quito, marc\u00f3 dos tantos al Luc\u00edan FC, en el triunfo quite\u00f1o por 3-2<\/p><\/div>\n<p><em><strong>Hugo Vera M\u00e9ndez. Toronto.- <\/strong><\/em>En la reciente programaci\u00f3n de la Liga Hispanoamericana, se rindieron homenajes p\u00f3stumos a Erwin Rathgeb y Patricio Huayta, fallecidos en Toronto en d\u00edas recientes.<\/p>\n<p>En otro juego Ecuador United y Deportivo Cuenca, empataron a un gol lado, sin embargo el equipo del United, se llev\u00f3 el trofeo \u201cCarlos \u201cCastrol\u201d Castro\u201d en memoria de un recordado futbolista fallecido a\u00f1os anteriores, que milit\u00f3 en ambos conjuntos. Ecuador United, se gan\u00f3 este galard\u00f3n en recuerdo del amigo jam\u00e1s olvidado, luego de una tanda de penales a mediados de la semana anterior en la cancha 3 de Eglinton Flats.<\/p>\n<p>Ciudad de Quito iba ganando c\u00f3modamente 3-0 al Lucian FC, pero los cinco minutos finales los caribe\u00f1os anotaron dos seguidos lo que puso a los miembros de la banca quite\u00f1a a templar, pero felizmente para ellos, el susto pas\u00f3 cuando el r\u00e9feri Armando Pereira, dio el pitazo final.<\/p>\n<div id=\"attachment_8855\" style=\"width: 295px\" class=\"wp-caption alignleft\"><a href=\"http:\/\/retrolab.ca\/elpopular\/wp-content\/uploads\/2011\/08\/FOTO-2-LIGA-HIS\u00c5\u00a0NA-LUNES-22.jpg\"><img loading=\"lazy\" decoding=\"async\" aria-describedby=\"caption-attachment-8855\" class=\"size-medium wp-image-8855\" title=\"Jos\u00e9 \u201cPepe\u201d Silva\" src=\"http:\/\/retrolab.ca\/elpopular\/wp-content\/uploads\/2011\/08\/FOTO-2-LIGA-HIS\u00c5\u00a0NA-LUNES-22-285x300.jpg\" alt=\"\" width=\"285\" height=\"300\" \/><\/a><p id=\"caption-attachment-8855\" class=\"wp-caption-text\">Jos\u00e9  \u201cPepe\u201d Silva, entrenador y jugador de Aztecas, disputando un bal\u00f3n con  Giovanni Sandoval, de Club Pichincha, que perdi\u00f3 despu\u00e9s de varias  fechas<\/p><\/div>\n<p>Ciudad de Quito estaba jugando su mejor partido del torneo, con mucho \u00f3rden, efectividad, adem\u00e1s la defensa contaba con buen desempe\u00f1o. Pero en los minutos, hubo algunos cambios de jugadores m\u00e1s que nada por el cansancio, y eso fue aprovechado por los caribe\u00f1os del Luc\u00edan, para comenzar llevar constantes ataques sobre el arco quite\u00f1o, y en pocos minutos marcaron dos goles y casi sale el empate.<\/p>\n<p>Sin embargo, los zagueros quite\u00f1os no perdieron la calma, y al mando de V\u00edctor Silva, supieron capear el temporal y de esta forma ganar el juego en forma ajustada.<\/p>\n<p>Juan Vinueza, que estuvo de entrenador interino del elenco quite\u00f1o, despu\u00e9s comentaba: \u201ctuvimos que suplir a Daniel Silva, porque estaba muy cansado y ese cambio debilit\u00f3 nuestro medio campo\u201d. Despu\u00e9s fue extra\u00f1o presenciar a C\u00e9sar \u201cChecho\u201d Angulo, jugando de mediocampista, posici\u00f3n algo desconocida para \u00e9l, acostumbrado a jugar de centro delantero goleador. Juan, dijo que fue por pedido del propio jugador: \u201cY no lo hizo mal\u201d, agreg\u00f3.<\/p>\n<div id=\"attachment_8858\" style=\"width: 310px\" class=\"wp-caption alignright\"><a href=\"http:\/\/retrolab.ca\/elpopular\/wp-content\/uploads\/2011\/08\/FOTO-3-LIGA-HIS\u00c5\u00a0NA-LUNES-22.jpg\"><img loading=\"lazy\" decoding=\"async\" aria-describedby=\"caption-attachment-8858\" class=\"size-medium wp-image-8858\" title=\"Milton Ter\u00e1n y Eddy Samaniego, jugadores del Ecuador United con Diego Montalvo\" src=\"http:\/\/retrolab.ca\/elpopular\/wp-content\/uploads\/2011\/08\/FOTO-3-LIGA-HIS\u00c5\u00a0NA-LUNES-22-300x230.jpg\" alt=\"\" width=\"300\" height=\"230\" \/><\/a><p id=\"caption-attachment-8858\" class=\"wp-caption-text\">Milton Ter\u00e1n y Eddy Samaniego, jugadores del Ecuador United con Diego Montalvo, durante el minuto de silencio p\u00f3stumo a Erwin Rathgeb, fallecido recientemente en Toronto, siendo notable dirigente pionero en la comunidad hispana de Toronto y ex presidente del Chile Lindo<\/p><\/div>\n<p>Antonio Garc\u00eda, era el jugador m\u00e1s felicitado del Quito, por sus dos goles en el juego. El delantero salvadore\u00f1o, se viene convirtiendo en el mejor m\u00e1s parejo en la presente temporada del equipo quite\u00f1o que preside Pancho Castro. El otro gol del Quito, fue convertido por Daniel Silva, que tambi\u00e9n dio tremendo partido hasta que se cans\u00f3. Shoulette, delantero de Lucian, se encarg\u00f3 de los dos goles del Luc\u00edan FC, que a lo mejor si el juego hubiera durado unos cinco minutos m\u00e1s, quiz\u00e1s lo hubieran empatado o hasta ganado.<\/p>\n<p>Previo al inicio del juego entre Azteca 4 Pichincha 1, los jugadores de ambos elencos y todos los presentes en la cancha 11 de Eglinton Flats el pasado s\u00e1bado, dieron un minuto de silencio en homenaje p\u00f3stumo a Patricio Huayta, fallecido un accidente en d\u00edas pasados. Patricio, era hijo de Angel Huayta, un seguir del Pichincha, con una trayectoria de m\u00e1s de 30 a\u00f1os en nuestro f\u00fatbol local. Nuestras m\u00e1s sentidas condolencias.<\/p>\n<div id=\"attachment_8860\" style=\"width: 304px\" class=\"wp-caption alignleft\"><a href=\"http:\/\/retrolab.ca\/elpopular\/wp-content\/uploads\/2011\/08\/FOTO-5-LIGA-HIS\u00c5\u00a0NA-LUNES-22.jpg\"><img loading=\"lazy\" decoding=\"async\" aria-describedby=\"caption-attachment-8860\" class=\"size-medium wp-image-8860\" title=\"Carlos Tello\" src=\"http:\/\/retrolab.ca\/elpopular\/wp-content\/uploads\/2011\/08\/FOTO-5-LIGA-HIS\u00c5\u00a0NA-LUNES-22-294x300.jpg\" alt=\"\" width=\"294\" height=\"300\" \/><\/a><p id=\"caption-attachment-8860\" class=\"wp-caption-text\">Carlos Tello y un zaguero de Azteca, esperando un bal\u00f3n a\u00e9reo<\/p><\/div>\n<p>Pichincha perdi\u00f3 4-1, a pesar de ir ganando gran parte del juego con gol de Carlos Tello, marcado en los primeros minutos del primer tiempo al golero cubano Adrian Cabrera, del equipo Azteca. El equipo dirigido por Alejandro \u201cMenotti\u201d, conto con numerosas ocasiones de aumentar su ventaja en el marcador pero no fueron concretadas en la primera mitad, y eso lo pagaron en la segunda parte.<\/p>\n<p>En los primeros minutos de la completar\u00eda, los pichinchanos, segu\u00edan como due\u00f1os del juego, sin embargo hubo un cambio importante en Azteca. Pepe Silva, su entrenador y jugador, envi\u00f3 a su golero Adrian Cabrera, a dejar ese puesto y lo puso de centro delantero, y ah\u00ed las cosas fueron completamente diferentes.<\/p>\n<p>Adrian, le dio gran empuje a su equipo e inclusive hizo dos goles, dejando los restantes a Julio de Le\u00f3n y Josua para dejar el marcador 4-1 a favor de los aztecas, ubicado en el segundo lugar de la tabla general que publicaremos este mi\u00e9rcoles en el Suplemento Deportivo.<\/p>\n<div id=\"attachment_8862\" style=\"width: 310px\" class=\"wp-caption alignright\"><a href=\"http:\/\/retrolab.ca\/elpopular\/wp-content\/uploads\/2011\/08\/FOTO-6-LIGA-HIS\u00c5\u00a0NA-LUNES-22.jpg\"><img loading=\"lazy\" decoding=\"async\" aria-describedby=\"caption-attachment-8862\" class=\"size-medium wp-image-8862\" title=\"Pablo Sandoval y Edgar Tello\" src=\"http:\/\/retrolab.ca\/elpopular\/wp-content\/uploads\/2011\/08\/FOTO-6-LIGA-HIS\u00c5\u00a0NA-LUNES-22-300x274.jpg\" alt=\"\" width=\"300\" height=\"274\" \/><\/a><p id=\"caption-attachment-8862\" class=\"wp-caption-text\">Los futbolistas Pablo Sandoval y Edgar Tello, del Pichincha, en el homenaje p\u00f3stumo a Patricio Huayta en la cancha 11 de Eglinton Flats, fallecido en un accidente con apenas 42 a\u00f1os<\/p><\/div>\n<p>En otro juego de Azteca, esta vez ante Luc\u00edan FC, empataron a un gol por lado. Esa ocasi\u00f3n el equipo estuvo completo y con suplentes, no pudieron llevarse la victoria en anochecer del pasado viernes.<\/p>\n<p>En el partido final de la fecha reciente, Ecuador United venci\u00f3 5-1 al Copihues Rojos, con goles de Chambers (2), Bayron Vargas (1), Eleazar Garc\u00eda (1) y Ronald (1). Mientras en Copihues, descont\u00f3 Guillermo \u201cyiyo\u201d Navarro. Antes de comenzar el juego, los jugadores rindieron un minuto de silencio en memoria del dirigente Erwin Rathgeb, fallecido en d\u00edas anteriores en Toronto, y quien fuera uno de los fundadores de la Liga Hispanoamericana y ex presidente del Club Chile Lindo. Nuestras m\u00e1s sentidas condolencias a sus familiares.<\/p>\n","protected":false},"excerpt":{"rendered":"<p>Dos populares equipos de la Liga Hispanoamericana desde su fundaci\u00f3n en 1978 contaron con suertes dispares en la reciente fecha del torneo masters sub 40, que organiza por primera vez esta liga: Ciudad de Quito gan\u00f3 3-2 al Luc\u00edan FC, mientras que su contraparte del Pichincha perdi\u00f3 4-1 ante Azteca.<\/p>\n","protected":false},"author":1,"featured_media":8864,"comment_status":"closed","ping_status":"open","sticky":false,"template":"","format":"standard","meta":{"footnotes":""},"categories":[28],"tags":[7339,22],"class_list":["post-8850","post","type-post","status-publish","format-standard","has-post-thumbnail","hentry","category-deportes","tag-liga-hispana","tag-toronto"],"_links":{"self":[{"href":"https:\/\/diarioelpopular.com\/index.php\/wp-json\/wp\/v2\/posts\/8850","targetHints":{"allow":["GET"]}}],"collection":[{"href":"https:\/\/diarioelpopular.com\/index.php\/wp-json\/wp\/v2\/posts"}],"about":[{"href":"https:\/\/diarioelpopular.com\/index.php\/wp-json\/wp\/v2\/types\/post"}],"author":[{"embeddable":true,"href":"https:\/\/diarioelpopular.com\/index.php\/wp-json\/wp\/v2\/users\/1"}],"replies":[{"embeddable":true,"href":"https:\/\/diarioelpopular.com\/index.php\/wp-json\/wp\/v2\/comments?post=8850"}],"version-history":[{"count":0,"href":"https:\/\/diarioelpopular.com\/index.php\/wp-json\/wp\/v2\/posts\/8850\/revisions"}],"wp:featuredmedia":[{"embeddable":true,"href":"https:\/\/diarioelpopular.com\/index.php\/wp-json\/"}],"wp:attachment":[{"href":"https:\/\/diarioelpopular.com\/index.php\/wp-json\/wp\/v2\/media?parent=8850"}],"wp:term":[{"taxonomy":"category","embeddable":true,"href":"https:\/\/diarioelpopular.com\/index.php\/wp-json\/wp\/v2\/categories?post=8850"},{"taxonomy":"post_tag","embeddable":true,"href":"https:\/\/diarioelpopular.com\/index.php\/wp-json\/wp\/v2\/tags?post=8850"}],"curies":[{"name":"wp","href":"https:\/\/api.w.org\/{rel}","templated":true}]}}