{"id":8967,"date":"2011-08-22T21:51:30","date_gmt":"2011-08-23T01:51:30","guid":{"rendered":"http:\/\/retrolab.ca\/elpopular\/?p=8967"},"modified":"2011-08-22T21:51:30","modified_gmt":"2011-08-23T01:51:30","slug":"lastras-se-da-un-homenaje-etapa-y-maillot-rojo","status":"publish","type":"post","link":"https:\/\/diarioelpopular.com\/index.php\/2011\/08\/22\/lastras-se-da-un-homenaje-etapa-y-maillot-rojo\/","title":{"rendered":"Lastras se da un homenaje: Etapa y maillot rojo"},"content":{"rendered":"<div id=\"attachment_8968\" style=\"width: 710px\" class=\"wp-caption aligncenter\"><a href=\"http:\/\/retrolab.ca\/elpopular\/wp-content\/uploads\/2011\/08\/Vuelta-a-Espa\u00f1a-Archena.jpg\"><img loading=\"lazy\" decoding=\"async\" aria-describedby=\"caption-attachment-8968\" class=\"size-full wp-image-8968\" title=\"Vuelta a Espa\u00f1a, Archena\" src=\"http:\/\/retrolab.ca\/elpopular\/wp-content\/uploads\/2011\/08\/Vuelta-a-Espa\u00f1a-Archena.jpg\" alt=\"\" width=\"700\" height=\"420\" \/><\/a><p id=\"caption-attachment-8968\" class=\"wp-caption-text\">Pablo Lastras, a su paso por Archena (Murcia), durante la tercera etapa, entre Petrer y Totana, de la vuelta Espa\u00f1a 2011. Foto: Jose Manuel Vidal \/ Efe<\/p><\/div>\n<p><em><strong>Carlos de Torres. Totana (Espa\u00f1a).-<\/strong><\/em> El espa\u00f1ol Pablo Lastras (Movistar), &#8220;El Penkas&#8221;, asest\u00f3 un doble golpe en la Vuelta a Espa\u00f1a al adjudicarse en solitario la tercera etapa disputada entre Petrer y Totana (Murcia), de 163 kil\u00f3metros y enfundarse el maillot rojo, lo que supuso la primera victoria espa\u00f1ola en esta edici\u00f3n.<\/p>\n<p>Lastras, de 35 a\u00f1os, curtido en mil batallas, aplic\u00f3 la ley de la veteran\u00eda y la astucia para jugar sus bazas en el momento oportuno. Un puerto de tercera, el Alto de La Santa, a 12 kil\u00f3metros de meta, era el lugar para dar el golpe. El madrile\u00f1o atac\u00f3 a 500 metros de su cima y se tir\u00f3 en picado hacia la meta, defendiendo con u\u00f1as y dientes un pu\u00f1ado de segundos ante los cuatro rivales con quienes comparti\u00f3 la escapada buena del d\u00eda.<\/p>\n<p>Gan\u00f3 a su estilo, zarpazo y contrarreloj hasta la llegada. &#8220;Era el d\u00eda y lo afront\u00e9 como una cl\u00e1sica&#8221;, explic\u00f3 en meta. La maniobra dio resultado y se permiti\u00f3 el lujo de celebrar a gusto su tercera victoria en la ronda espa\u00f1ola, en la que no hab\u00eda visitado el podio desde 2002. Por si fuera poco, se enfund\u00f3 todos los maillots: el rojo de l\u00edder, el de lunares azules de la monta\u00f1a, el verde por puntos y el blanco de la combinada. El \u00e9xito a todo color.<\/p>\n<p>Lastras, uno de los corredores que tiene triunfos de etapa en las tres grandes (2 en la Vuelta, 1 en el Giro y 1 en el Tour), hizo in\u00fatil la persecuci\u00f3n del campe\u00f3n de Francia, Sylvain Chavanel (Quick Step), el espa\u00f1ol Markel Irizar (RadioShack) y del ucraniano Ruslan Pydgornyy, que cruzaron la meta de Totana a 15 segundos, en una jornada muy calurosa que termin\u00f3 en torno a las 4 horas.<\/p>\n<p>Luego pas\u00f3 un primer que pelot\u00f3n con los principales favoritos, como Igor Ant\u00f3n, &#8220;Purito&#8221; Rodr\u00edguez y Vincenzo Nibali, a 1.43 de Lastras, y en un segundo grupo entr\u00f3 el ruso Menchov, a 3.06, otra vez el gran perjudicado, lo que confirma que el jefe de filas del Geox no est\u00e1 en condiciones para luchar por la Vuelta. El mismo retraso acumularon los esprinters, incluido el l\u00edder Daniele Bennati (Leopard), quien no pudo mantener el liderato.<\/p>\n<p>Las fuerzas fallan, incluso en puertos de tercera. Casi todos los velocistas pasaron serios apuros en el puerto cercano a meta, por lo que no tuvieron la oportunidad so\u00f1ada de disputar la victoria. El pelot\u00f3n tir\u00f3 la toalla mucho antes del puerto en beneficio de los aventureros y los Cavendish, Petacchi, Farrar, Freire y compa\u00f1\u00eda ya sab\u00eda que ten\u00edan que se\u00f1alar otra etapa en su calendario.<\/p>\n<p>Victoria emotiva para &#8220;Penkas&#8221;, que se golpe\u00f3 el pecho, se bes\u00f3 las pulseras que adornan su mu\u00f1eca y se\u00f1al\u00f3 al cielo, donde Xavier Tondo, fallecido en el mes de mayo, recibi\u00f3 un homenaje m\u00e1s de sus compa\u00f1eros del Movistar.<\/p>\n<p>Acababa de ponerse el primer maillot de l\u00edder desde su debut profesional en 1997, &#8220;un premio a una trayectoria longeva&#8221;, cuyo \u00fanico secreto radica &#8220;es cuidar mucho el cuerpo, creedme&#8221;, dijo el larguirucho corredor de San Mart\u00edn de Valdeiglesias, quien defender\u00e1 &#8220;la Roja&#8221; en la primera etapa de alta monta\u00f1a en Sierra Nevada.<\/p>\n<p>El disc\u00edpulo de Unzue dispondr\u00e1 para ello de 20 segundos de ventaja sobre Chavanel y 1.08 respecto a Markel Ir\u00edzar, segundo y tercero respectivamente en la general.<\/p>\n<p>Los favoritos aceptaron el gui\u00f3n propuesto en la jornada, disputada bajo un sol de justicia, en un recorrido que ofrec\u00eda dos alicientes en los \u00faltimos kil\u00f3metros, con dos altos de tercera. Solo fall\u00f3 Menchov. Los dem\u00e1s se ver\u00e1n las caras en el techo de la Vuelta, donde se espera la primera selecci\u00f3n.<\/p>\n<p>En el tr\u00e1nsito de las tierras alicantinas a las murcianas el objetivo de los gallos de la carrera era guardar fuerzas, y el pelot\u00f3n, a pesar de estabilizar la fuga casi toda la etapa, no concret\u00f3 el esfuerzo en la caza. Llegaron tarde ante corredores avezados, como &#8220;Penkas&#8221; y Chavanel. Demasiada experiencia y calidad para desperdiciar una diferencia de 1.46 en la cima del \u00faltimo puerto, a 12 de meta.<\/p>\n<p>Fue donde empez\u00f3 el reencuentro de Lastras con el podio, con la cara m\u00e1s amable de la profesi\u00f3n que adora y defiende a toda costa. A la vejez, victorias. Y maillot de l\u00edder. &#8220;Era el d\u00eda&#8221;, efectivamente.<\/p>\n<p>La cuarta etapa unir\u00e1 Baza y Sierra Nevada a trav\u00e9s de 170 kil\u00f3metros. Se trata del primer final en alto en el techo de la ronda, a 2112 metros de altitud. Antes el pelot\u00f3n deber\u00e1 afrontar los altos de Filabres (1a) y Blancares (3a). Se espera la primera batalla entre los favoritos.<\/p>\n","protected":false},"excerpt":{"rendered":"<p>El espa\u00f1ol Pablo Lastras, &#8220;El Penkas&#8221;, asest\u00f3 un doble golpe en la Vuelta a Espa\u00f1a al adjudicarse en solitario la tercera etapa disputada entre Petrer y Totana (Murcia), de 163 kil\u00f3metros y enfundarse el maillot rojo, lo que supuso la primera victoria espa\u00f1ola en esta edici\u00f3n.<\/p>\n","protected":false},"author":1,"featured_media":8968,"comment_status":"closed","ping_status":"open","sticky":false,"template":"","format":"standard","meta":{"footnotes":""},"categories":[28],"tags":[1215,7293],"class_list":["post-8967","post","type-post","status-publish","format-standard","has-post-thumbnail","hentry","category-deportes","tag-ciclismo","tag-vuelta-a-espana"],"_links":{"self":[{"href":"https:\/\/diarioelpopular.com\/index.php\/wp-json\/wp\/v2\/posts\/8967","targetHints":{"allow":["GET"]}}],"collection":[{"href":"https:\/\/diarioelpopular.com\/index.php\/wp-json\/wp\/v2\/posts"}],"about":[{"href":"https:\/\/diarioelpopular.com\/index.php\/wp-json\/wp\/v2\/types\/post"}],"author":[{"embeddable":true,"href":"https:\/\/diarioelpopular.com\/index.php\/wp-json\/wp\/v2\/users\/1"}],"replies":[{"embeddable":true,"href":"https:\/\/diarioelpopular.com\/index.php\/wp-json\/wp\/v2\/comments?post=8967"}],"version-history":[{"count":0,"href":"https:\/\/diarioelpopular.com\/index.php\/wp-json\/wp\/v2\/posts\/8967\/revisions"}],"wp:featuredmedia":[{"embeddable":true,"href":"https:\/\/diarioelpopular.com\/index.php\/wp-json\/"}],"wp:attachment":[{"href":"https:\/\/diarioelpopular.com\/index.php\/wp-json\/wp\/v2\/media?parent=8967"}],"wp:term":[{"taxonomy":"category","embeddable":true,"href":"https:\/\/diarioelpopular.com\/index.php\/wp-json\/wp\/v2\/categories?post=8967"},{"taxonomy":"post_tag","embeddable":true,"href":"https:\/\/diarioelpopular.com\/index.php\/wp-json\/wp\/v2\/tags?post=8967"}],"curies":[{"name":"wp","href":"https:\/\/api.w.org\/{rel}","templated":true}]}}