{"id":8981,"date":"2011-08-22T22:11:22","date_gmt":"2011-08-23T02:11:22","guid":{"rendered":"http:\/\/retrolab.ca\/elpopular\/?p=8981"},"modified":"2011-08-22T22:11:22","modified_gmt":"2011-08-23T02:11:22","slug":"brutalbox-lleva-el-lado-oscuro-de-internet-a-montreal","status":"publish","type":"post","link":"https:\/\/diarioelpopular.com\/index.php\/2011\/08\/22\/brutalbox-lleva-el-lado-oscuro-de-internet-a-montreal\/","title":{"rendered":"&#8220;Brutalbox&#8221; lleva el lado oscuro de Internet a Montreal"},"content":{"rendered":"<div id=\"attachment_8982\" style=\"width: 710px\" class=\"wp-caption aligncenter\"><a href=\"http:\/\/retrolab.ca\/elpopular\/wp-content\/uploads\/2011\/08\/Brutalbox.jpg\"><img loading=\"lazy\" decoding=\"async\" aria-describedby=\"caption-attachment-8982\" class=\"size-full wp-image-8982\" title=\"Brutalbox\" src=\"http:\/\/retrolab.ca\/elpopular\/wp-content\/uploads\/2011\/08\/Brutalbox.jpg\" alt=\"\" width=\"700\" height=\"420\" \/><\/a><p id=\"caption-attachment-8982\" class=\"wp-caption-text\">El director espa\u00f1ol \u00d3scar Rojo, en Montreal. Foto: Cristina Garc\u00eda Casado \/ Efe<\/p><\/div>\n<p><em><strong>Efe. Montreal.-<\/strong><\/em> El filme &#8220;Brutalbox&#8221;, que versa sobre los contenido extremos en Internet, llev\u00f3 este lunes el lado m\u00e1s oscuro de la red al Festival de Pel\u00edculas del Mundo de Montreal, donde representa a Espa\u00f1a en la competici\u00f3n de \u00f3peras primas.<\/p>\n<p>El debut del madrile\u00f1o \u00d3scar Rojo explora el funcionamiento de las p\u00e1ginas web de contenidos extremos en Internet a trav\u00e9s de la historia de un hombre en paro que para conseguir un empleo se corta un dedo, lo graba y publica el v\u00eddeo en la red.<\/p>\n<p>&#8220;Los siete primeros minutos de la pel\u00edcula son expl\u00edcitos, se ve la amputaci\u00f3n del dedo. Son las \u00fanicas im\u00e1genes as\u00ed de duras, porque es en ese v\u00eddeo donde comienza todo y nace Brutalbox&#8221;, explic\u00f3 Rojo a Efe.<\/p>\n<p>La cinta, que particip\u00f3 en la \u00faltima edici\u00f3n del Festival de M\u00e1laga, competir\u00e1 en la categor\u00eda de \u00f3peras primas del certamen canadiense con otras cuatro cintas hispanas.<\/p>\n<p>As\u00ed, luchar\u00e1n por el que se considera el segundo premio m\u00e1s importante del festival tras el del mejor largometraje, &#8220;Tiempos modernos&#8221; -una coproducci\u00f3n entre Argentina, M\u00e9xico y Chile-, &#8220;Dedo&#8221;, coproducci\u00f3n entre M\u00e9xico y Argentina, y las mexicanas &#8220;Aqu\u00ed entre nos&#8221; y &#8220;Burros&#8221;.<\/p>\n<p>&#8220;Para m\u00ed estar aqu\u00ed con mi primera obra ya es incre\u00edble. El p\u00fablico est\u00e1 respondiendo bien y todo el mundo me comenta que he salido valiente eligiendo un tema tan arriesgado para mi debut&#8221;, dijo Rojo.<\/p>\n<p>Para preparar el rodaje de &#8220;Brutalbox&#8221;, el director espa\u00f1ol estudi\u00f3 durante ocho meses un buen n\u00famero de p\u00e1ginas de contenido extremo: webs que hacen negocio con v\u00eddeos de suicidios, peleas y sexo &#8220;voyeur&#8221;.<\/p>\n<p>&#8220;Hay cosas que ves y se te quedan para siempre grabadas de lo terribles que son. De hecho, cuando quieres contarlas en la pel\u00edcula tienes que suavizar las im\u00e1genes, porque no hay ojo humano que las soporte&#8221;, explic\u00f3 Rojo.<\/p>\n<p>El Festival de Cine de Montreal proyectar\u00e1 hasta el pr\u00f3ximo d\u00eda 28 un total de 383 cintas de m\u00e1s de 70 pa\u00edses, 50 de ellas espa\u00f1olas y latinoamericanas, para reivindicar un a\u00f1o m\u00e1s su papel de trampol\u00edn del cine independiente.<\/p>\n","protected":false},"excerpt":{"rendered":"<p>El filme &#8220;Brutalbox&#8221;, que versa sobre los contenido extremos en Internet, llev\u00f3 este lunes el lado m\u00e1s oscuro de la red al Festival de Pel\u00edculas del Mundo de Montreal, donde representa a Espa\u00f1a en la competici\u00f3n de \u00f3peras primas.<\/p>\n","protected":false},"author":1,"featured_media":8982,"comment_status":"closed","ping_status":"open","sticky":false,"template":"","format":"standard","meta":{"footnotes":""},"categories":[80],"tags":[7352,7307,7259,7260,400],"class_list":["post-8981","post","type-post","status-publish","format-standard","has-post-thumbnail","hentry","category-cine-2","tag-brutalbox","tag-festival-de-filmes-del-mundo-2011","tag-festival-de-peliculas-del-mundo","tag-festival-des-films-du-monde","tag-montreal"],"_links":{"self":[{"href":"https:\/\/diarioelpopular.com\/index.php\/wp-json\/wp\/v2\/posts\/8981","targetHints":{"allow":["GET"]}}],"collection":[{"href":"https:\/\/diarioelpopular.com\/index.php\/wp-json\/wp\/v2\/posts"}],"about":[{"href":"https:\/\/diarioelpopular.com\/index.php\/wp-json\/wp\/v2\/types\/post"}],"author":[{"embeddable":true,"href":"https:\/\/diarioelpopular.com\/index.php\/wp-json\/wp\/v2\/users\/1"}],"replies":[{"embeddable":true,"href":"https:\/\/diarioelpopular.com\/index.php\/wp-json\/wp\/v2\/comments?post=8981"}],"version-history":[{"count":0,"href":"https:\/\/diarioelpopular.com\/index.php\/wp-json\/wp\/v2\/posts\/8981\/revisions"}],"wp:featuredmedia":[{"embeddable":true,"href":"https:\/\/diarioelpopular.com\/index.php\/wp-json\/"}],"wp:attachment":[{"href":"https:\/\/diarioelpopular.com\/index.php\/wp-json\/wp\/v2\/media?parent=8981"}],"wp:term":[{"taxonomy":"category","embeddable":true,"href":"https:\/\/diarioelpopular.com\/index.php\/wp-json\/wp\/v2\/categories?post=8981"},{"taxonomy":"post_tag","embeddable":true,"href":"https:\/\/diarioelpopular.com\/index.php\/wp-json\/wp\/v2\/tags?post=8981"}],"curies":[{"name":"wp","href":"https:\/\/api.w.org\/{rel}","templated":true}]}}