{"id":90808,"date":"2012-01-12T22:06:26","date_gmt":"2012-01-13T03:06:26","guid":{"rendered":"http:\/\/diarioelpopular.com\/?p=90808"},"modified":"2012-01-12T22:06:26","modified_gmt":"2012-01-13T03:06:26","slug":"despres-avanza-sobre-coma-y-peterhansel-se-acerca-al-titulo","status":"publish","type":"post","link":"https:\/\/diarioelpopular.com\/index.php\/2012\/01\/12\/despres-avanza-sobre-coma-y-peterhansel-se-acerca-al-titulo\/","title":{"rendered":"Despres avanza sobre Coma y Peterhansel se acerca al t\u00edtulo"},"content":{"rendered":"<div id=\"attachment_90809\" style=\"width: 710px\" class=\"wp-caption aligncenter\"><a href=\"https:\/\/diarioelpopular.com\/wp-content\/uploads\/2012\/01\/Marc-Coma-en-la-etapa-11-del-Dakar-2012.jpg\"><img loading=\"lazy\" decoding=\"async\" aria-describedby=\"caption-attachment-90809\" class=\"size-full wp-image-90809\" title=\"Marc Coma, en la etapa 11 del Dakar 2012\" src=\"https:\/\/diarioelpopular.com\/wp-content\/uploads\/2012\/01\/Marc-Coma-en-la-etapa-11-del-Dakar-2012.jpg\" alt=\"\" width=\"700\" height=\"420\" \/><\/a><p id=\"caption-attachment-90809\" class=\"wp-caption-text\">El piloto espa\u00f1ol Marc Coma conduce su moto KTM durante la und\u00e9cima etapa del Rally Daka, entre Arica (Chile) y Arequipa (Per\u00fa). Foto: Efe<\/p><\/div>\n<p><em><strong>Gerard Soler. Arequipa (Per\u00fa).-<\/strong><\/em> El piloto de motos franc\u00e9s Cyril Despres gan\u00f3 este jueves la und\u00e9cima etapa del\u00a0Dakar, que lleg\u00f3 a Per\u00fa, y se distanci\u00f3 un par de minutos del espa\u00f1ol Marc Coma (KTM), que est\u00e1 a dos minutos y 22 segundos del galo a falta de tres etapas para el final del rally.<\/p>\n<p>En autos, en tanto, el triunfo fue para el franc\u00e9s St\u00e9phane Peterhansel (Mini), que d\u00eda a d\u00eda saca m\u00e1s tiempo a sus rivales y se acerca a su d\u00e9cimo\u00a0Dakar.<\/p>\n<p>El rally penetr\u00f3 en territorio peruano por primera vez en su historia con una etapa que termin\u00f3 en la sure\u00f1a ciudad de Arequipa, con m\u00e1s de 340 kil\u00f3metros cronometrados por un abanico de terrenos y superficies.<\/p>\n<p>Despres aprovech\u00f3 que Coma sal\u00eda delante tras la etapa de ayer para atraparlo en carrera, pegarse a su rueda hasta la meta y sumar una nueva victoria que le da aire en la clasificaci\u00f3n.<\/p>\n<p>El espa\u00f1ol Gerard Farr\u00e9s (KTM) se col\u00f3 entre los dos colosos de la categor\u00eda y consigui\u00f3 una trabajada segunda plaza por delante de su amigo Marc Coma.<\/p>\n<p>Coma dijo que era &#8220;previsible&#8221; que Despres le sacara algo de tiempo y anunci\u00f3 que no va a poner las cosas f\u00e1ciles al galo. &#8220;Voy a intentarlo todo hasta el final. Me quedan tres d\u00edas para darlo todo&#8221;, se\u00f1al\u00f3.<\/p>\n<p>Los espa\u00f1oles Joan Barreda (Husqvarna) y Jordi Viladoms (KTM) fueron quinto y s\u00e9ptimo respectivamente. Viladoms, que anda cuarto en la general, sigue peleando el tercer caj\u00f3n del podio y est\u00e1 a 16 minutos del portugu\u00e9s Helder Rodrigues (Yamaha).<\/p>\n<p>Al finalizar la etapa de hoy los pilotos se dirigieron a un campamento exclusivo para los motoristas en el que estar\u00e1n totalmente solos, sin sus equipos ni sus veh\u00edculos de asistencia.<\/p>\n<p>Se trata de la llamada &#8216;etapa marat\u00f3n&#8217;. Los pilotos deber\u00e1n solucionar ellos mismos los peque\u00f1os ajustes o desperfectos de sus motos antes de empezar la etapa de este viernes.<\/p>\n<p>Una de las claves de la duod\u00e9cima etapa ser\u00e1 ver c\u00f3mo han tratado las motos los pilotos y si alguien sufre m\u00e1s de la cuenta sin su equipo de mec\u00e1nicos.<\/p>\n<p>Los autos llegaron al campamento de Arequipa junto al resto de la caravana del\u00a0Dakar\u00a0y podr\u00e1n preparar con normalidad la etapa de ma\u00f1ana.<\/p>\n<p>A falta de tres jornadas para el final, St\u00e9phane Peterhansel est\u00e1 un poco m\u00e1s cerca de su d\u00e9cima corona del\u00a0Dakar. Consigui\u00f3 su segundo triunfo de etapa y le sac\u00f3 casi cuatro minutos m\u00e1s al espa\u00f1ol Joan &#8216;Nani&#8217; Roma (Mini), que marcha segundo en la general a casi 23 minutos.<\/p>\n<p>Adem\u00e1s el estadounidense Robby Gordon (Hummer), que hasta ayer era tercero, perdi\u00f3 hoy una hora y cincuenta minutos y dilapid\u00f3 casi todas sus opciones de meterse en el podio.<\/p>\n<p>Gordon, que ayer fue expulsado por los comisarios por hacer trampas en el motor pero pudo seguir en carrera tras apelar la medida, tuvo un problema mec\u00e1nico y estuvo parado m\u00e1s de una hora y media en el tramo neutralizado que part\u00eda en dos el recorrido de la jornada.<\/p>\n<p>Esto permiti\u00f3 ascender a la tercera plaza en la clasificaci\u00f3n al sudafricano Giniel De Villiers (Toyota), que fue cuarto en la etapa.<\/p>\n<p>En quads la victoria fue para el argentino Alejandro Patronelli (Yamaha), l\u00edder con m\u00e1s de una hora de ventaja sobre el segundo.<\/p>\n<p>En los camiones, en tanto, el ganador fue el ruso Andrey Karginov (Kamaz), aunque el l\u00edder es el holand\u00e9s Gerard De Rooy (Iveco).<\/p>\n<p>El rally se complica este viernes con la duod\u00e9cima etapa, entre Arequipa y Nasca. La organizaci\u00f3n recort\u00f3 50 kil\u00f3metros de la especial por las crecidas de algunos r\u00edos que la atravesaban y la dejaron en casi 200 kil\u00f3metros repletos de arena y dunas.<\/p>\n","protected":false},"excerpt":{"rendered":"<p>El piloto de motos franc\u00e9s Cyril Despres gan\u00f3 este jueves la und\u00e9cima etapa del Dakar, que lleg\u00f3 a Per\u00fa, y se distanci\u00f3 un par de minutos del espa\u00f1ol Marc Coma, que est\u00e1 a dos minutos y 22 segundos del galo a falta de tres etapas para el final del rally.<\/p>\n","protected":false},"author":1,"featured_media":90809,"comment_status":"closed","ping_status":"open","sticky":false,"template":"","format":"standard","meta":{"footnotes":""},"categories":[28],"tags":[46,173],"class_list":["post-90808","post","type-post","status-publish","format-standard","has-post-thumbnail","hentry","category-deportes","tag-dakar","tag-rally"],"_links":{"self":[{"href":"https:\/\/diarioelpopular.com\/index.php\/wp-json\/wp\/v2\/posts\/90808","targetHints":{"allow":["GET"]}}],"collection":[{"href":"https:\/\/diarioelpopular.com\/index.php\/wp-json\/wp\/v2\/posts"}],"about":[{"href":"https:\/\/diarioelpopular.com\/index.php\/wp-json\/wp\/v2\/types\/post"}],"author":[{"embeddable":true,"href":"https:\/\/diarioelpopular.com\/index.php\/wp-json\/wp\/v2\/users\/1"}],"replies":[{"embeddable":true,"href":"https:\/\/diarioelpopular.com\/index.php\/wp-json\/wp\/v2\/comments?post=90808"}],"version-history":[{"count":0,"href":"https:\/\/diarioelpopular.com\/index.php\/wp-json\/wp\/v2\/posts\/90808\/revisions"}],"wp:featuredmedia":[{"embeddable":true,"href":"https:\/\/diarioelpopular.com\/index.php\/wp-json\/"}],"wp:attachment":[{"href":"https:\/\/diarioelpopular.com\/index.php\/wp-json\/wp\/v2\/media?parent=90808"}],"wp:term":[{"taxonomy":"category","embeddable":true,"href":"https:\/\/diarioelpopular.com\/index.php\/wp-json\/wp\/v2\/categories?post=90808"},{"taxonomy":"post_tag","embeddable":true,"href":"https:\/\/diarioelpopular.com\/index.php\/wp-json\/wp\/v2\/tags?post=90808"}],"curies":[{"name":"wp","href":"https:\/\/api.w.org\/{rel}","templated":true}]}}