{"id":9108,"date":"2011-08-23T23:27:29","date_gmt":"2011-08-24T03:27:29","guid":{"rendered":"http:\/\/retrolab.ca\/elpopular\/?p=9108"},"modified":"2011-08-23T23:27:29","modified_gmt":"2011-08-24T03:27:29","slug":"el-humor-negro-de-el-dedo-sorprende-en-montreal","status":"publish","type":"post","link":"https:\/\/diarioelpopular.com\/index.php\/2011\/08\/23\/el-humor-negro-de-el-dedo-sorprende-en-montreal\/","title":{"rendered":"El humor negro de &#8220;El dedo&#8221; sorprende en Montreal"},"content":{"rendered":"<div id=\"attachment_9109\" style=\"width: 710px\" class=\"wp-caption aligncenter\"><a href=\"http:\/\/retrolab.ca\/elpopular\/wp-content\/uploads\/2011\/08\/El-dedo.jpg\"><img loading=\"lazy\" decoding=\"async\" aria-describedby=\"caption-attachment-9109\" class=\"size-full wp-image-9109\" title=\"El dedo\" src=\"http:\/\/retrolab.ca\/elpopular\/wp-content\/uploads\/2011\/08\/El-dedo.jpg\" alt=\"\" width=\"700\" height=\"420\" \/><\/a><p id=\"caption-attachment-9109\" class=\"wp-caption-text\">Un fotograma de la pel\u00edcula argentina &#039;El dedo&#039;, del director Sergio Teubal<\/p><\/div>\n<p><em><strong>Cristina Garc\u00eda Casado. Montreal.- <\/strong><\/em>El humor negro de la pel\u00edcula argentina &#8220;El dedo&#8221; sorprendi\u00f3 este martes en el Festival de Pel\u00edculas del Mundo de\u00a0Montreal, donde tuvo su estreno internacional y compite en la categor\u00eda de \u00f3peras primas.<\/p>\n<p>El debut de Sergio Teubal, que se basa en un pasaje de la novela &#8220;El dedo de Baldomero&#8221; de Alberto Assadourian, ironiza sobre los pol\u00edticos y la corrupci\u00f3n a trav\u00e9s de un inveros\u00edmil suceso que sacude la tranquila existencia de la peque\u00f1a localidad Cerro Colorado, en la provincia argentina de C\u00f3rdoba.<\/p>\n<p>En la Argentina de los a\u00f1os ochenta, que acude por primera vez las urnas tras la pesadilla de la dictadura, los 501 habitantes del Cerro Colorado ven c\u00f3mo uno de sus dos candidatos a intendente es asesinado poco despu\u00e9s de presentarse a las elecciones.<\/p>\n<p>El dedo del fallecido, debido a un juramento de venganza de su hermano, reposar\u00e1 en un frasco de la tienda familiar, y provocar\u00e1 una serie de acontecimientos ins\u00f3litos, que entre l\u00edneas dejan ver una sarc\u00e1stica cr\u00edtica a la clase pol\u00edtica.<\/p>\n<p>&#8220;La novela de Assadourian habla de muchas cosas que hace el dedo, pero yo me he centrado en el periodo electoral. En dos meses tenemos elecciones en Argentina, por lo que consider\u00e9 atinado instalar un candidato como el dedo&#8221;, explic\u00f3 Teubal a Efe.<\/p>\n<p>&#8220;Detr\u00e1s de la comedia negra hay obviamente una cuesti\u00f3n pol\u00edtica que tiene que ver con mi pa\u00eds. Es mejor que est\u00e9 el dedo de candidato que los que tenemos&#8221;, ironiz\u00f3.<\/p>\n<p>&#8220;El dedo&#8221;, que se alz\u00f3 como mejor \u00f3pera prima en el Festival de Guadalajara (M\u00e9xico), competir\u00e1 en la pr\u00f3xima edici\u00f3n de la Semana Internacional de Cine (Seminci) de la ciudad espa\u00f1ola de Valladolid.<\/p>\n<p>En Argentina, donde se estren\u00f3 el pasado mes de mayo, tuvo una buena acogida por parte del p\u00fablico, seg\u00fan Teubal, que atribuye este \u00e9xito a lo &#8220;novedoso&#8221; de su comedia negra en el cine de su pa\u00eds.<\/p>\n<p>&#8220;En nuestro cine el humor no es la moneda corriente, en general lo que se producen son dramas; muchos de ellos tienen que ver con la dictadura y el sufrimiento de esos a\u00f1os&#8221;, esgrimi\u00f3 el director.<\/p>\n<p>Su pel\u00edcula, que transcurre durante las primeras elecciones democr\u00e1ticas tras la dictadura, tampoco escapa a las referencias pol\u00edticas e hist\u00f3ricas, aunque las aborda con iron\u00eda y humor negro.<\/p>\n<p>&#8220;La dictadura marc\u00f3 tanto nuestra historia, que es imposible ver una pel\u00edcula argentina que no tenga al menos una frase que aluda a este periodo&#8221;, concluy\u00f3 el director.<\/p>\n<p>Su primer filme, una coproducci\u00f3n de Argentina y M\u00e9xico, competir\u00e1 en la categor\u00eda de \u00f3peras primas del certamen canadiense con otras cuatro cintas hispanas.<\/p>\n<p>As\u00ed, luchar\u00e1n por el que se considera el segundo premio m\u00e1s importante del festival tras el de mejor largometraje, &#8220;Tiempos modernos&#8221;, una coproducci\u00f3n entre Argentina, M\u00e9xico y Chile; la espa\u00f1ola &#8220;Brutalbox&#8221;; y las mexicanas &#8220;Aqu\u00ed entre nos&#8221; y &#8220;Burros&#8221;<\/p>\n<p>El festival proyectar\u00e1 hasta el pr\u00f3ximo domingo 28 un total de 383 pel\u00edculas de m\u00e1s de 70 pa\u00edses, una cincuentena de ellas espa\u00f1olas y latinoamericanas.<\/p>\n<p style=\"text-align: center\"><a name=\"video\"><\/a>[youtube PcWZHFg-c6Y nolink]<\/p>\n","protected":false},"excerpt":{"rendered":"<p>El humor negro de la pel\u00edcula argentina &#8220;El dedo&#8221; sorprendi\u00f3 en el Festival de Pel\u00edculas del Mundo de Montreal, donde tuvo su estreno internacional y compite en la categor\u00eda de \u00f3peras primas.<br \/>\n<a href=\"http:\/\/retrolab.ca\/elpopular\/2011\/08\/el-humor-negro-de-el-dedo-sorprende-en-montreal\/#video\"><strong><span style=\"color: #000080\">\u00bb VIDEO<\/span><\/strong><\/a><\/p>\n","protected":false},"author":1,"featured_media":9109,"comment_status":"closed","ping_status":"open","sticky":false,"template":"","format":"standard","meta":{"footnotes":""},"categories":[80],"tags":[43,7375,7259,7260,400,7376],"class_list":["post-9108","post","type-post","status-publish","format-standard","has-post-thumbnail","hentry","category-cine-2","tag-argentina","tag-el-dedo","tag-festival-de-peliculas-del-mundo","tag-festival-des-films-du-monde","tag-montreal","tag-sergio-teubal"],"_links":{"self":[{"href":"https:\/\/diarioelpopular.com\/index.php\/wp-json\/wp\/v2\/posts\/9108","targetHints":{"allow":["GET"]}}],"collection":[{"href":"https:\/\/diarioelpopular.com\/index.php\/wp-json\/wp\/v2\/posts"}],"about":[{"href":"https:\/\/diarioelpopular.com\/index.php\/wp-json\/wp\/v2\/types\/post"}],"author":[{"embeddable":true,"href":"https:\/\/diarioelpopular.com\/index.php\/wp-json\/wp\/v2\/users\/1"}],"replies":[{"embeddable":true,"href":"https:\/\/diarioelpopular.com\/index.php\/wp-json\/wp\/v2\/comments?post=9108"}],"version-history":[{"count":0,"href":"https:\/\/diarioelpopular.com\/index.php\/wp-json\/wp\/v2\/posts\/9108\/revisions"}],"wp:featuredmedia":[{"embeddable":true,"href":"https:\/\/diarioelpopular.com\/index.php\/wp-json\/"}],"wp:attachment":[{"href":"https:\/\/diarioelpopular.com\/index.php\/wp-json\/wp\/v2\/media?parent=9108"}],"wp:term":[{"taxonomy":"category","embeddable":true,"href":"https:\/\/diarioelpopular.com\/index.php\/wp-json\/wp\/v2\/categories?post=9108"},{"taxonomy":"post_tag","embeddable":true,"href":"https:\/\/diarioelpopular.com\/index.php\/wp-json\/wp\/v2\/tags?post=9108"}],"curies":[{"name":"wp","href":"https:\/\/api.w.org\/{rel}","templated":true}]}}