{"id":9112,"date":"2011-08-23T21:40:56","date_gmt":"2011-08-24T01:40:56","guid":{"rendered":"http:\/\/retrolab.ca\/elpopular\/?p=9112"},"modified":"2011-08-23T21:40:56","modified_gmt":"2011-08-24T01:40:56","slug":"el-sampdoria-ficha-al-portero-argentino-sergio-romero","status":"publish","type":"post","link":"https:\/\/diarioelpopular.com\/index.php\/2011\/08\/23\/el-sampdoria-ficha-al-portero-argentino-sergio-romero\/","title":{"rendered":"El Sampdoria ficha al argentino Sergio Romero"},"content":{"rendered":"<div id=\"attachment_9113\" style=\"width: 310px\" class=\"wp-caption alignright\"><a href=\"http:\/\/retrolab.ca\/elpopular\/wp-content\/uploads\/2011\/08\/Sergio-Romero.jpg\"><img loading=\"lazy\" decoding=\"async\" aria-describedby=\"caption-attachment-9113\" class=\"size-medium wp-image-9113\" title=\"Sergio Romero\" src=\"http:\/\/retrolab.ca\/elpopular\/wp-content\/uploads\/2011\/08\/Sergio-Romero-300x180.jpg\" alt=\"\" width=\"300\" height=\"180\" \/><\/a><p id=\"caption-attachment-9113\" class=\"wp-caption-text\">El nuevo guardameta del Sampdoria, el argentino Sergio Romero, posa con su dorsal en G\u00e9nova (Italia). Foto: Luca Zennaro \/ Efe<\/p><\/div>\n<p><em><strong>E<\/strong><strong>fe. Roma.-<\/strong><\/em> El Sampdoria italiano ha fichado al portero internacional argentino\u00a0Sergio\u00a0Germ\u00e1n\u00a0Romero, de 24 a\u00f1os, inform\u00f3 el club en un comunicado publicado este martes en su p\u00e1gina web.<\/p>\n<p>Romero, nacido en Bernardo de Irigoyen, proviene del equipo holand\u00e9s AZ Alkmaar y ha disputado ya 21 partidos oficiales con la camiseta de la selecci\u00f3n argentina.<\/p>\n<p>El guardameta, apodado &#8220;El Chiquito&#8221;, no ocupar\u00e1 plaza de extracomunitario en el Sampdoria porque, seg\u00fan precisa el club, cuenta con pasaporte italiano.<\/p>\n<p>Los medios italianos apuntan a que ser\u00e1 presentado ma\u00f1ana a las 12.00 horas local (10.00 horas GMT).<\/p>\n<p>El Sampdoria, que la temporada pasada descendi\u00f3 a la Serie B italiana (segunda divisi\u00f3n), espera que el fichaje de este &#8220;n\u00famero uno&#8221; les ayude en &#8220;la escalada para volver a la Serie A&#8221;.<\/p>\n","protected":false},"excerpt":{"rendered":"<p>El Sampdoria italiano ha fichado al portero internacional argentino Sergio Germ\u00e1n Romero, de 24 a\u00f1os, inform\u00f3 el club en un comunicado publicado este martes en su p\u00e1gina web.<\/p>\n","protected":false},"author":1,"featured_media":9113,"comment_status":"closed","ping_status":"open","sticky":false,"template":"","format":"standard","meta":{"footnotes":""},"categories":[28],"tags":[43,7377,179,7378,7379,7380],"class_list":["post-9112","post","type-post","status-publish","format-standard","has-post-thumbnail","hentry","category-deportes","tag-argentina","tag-fichaje","tag-futbol-2","tag-sampdoria","tag-sergio-german-romero","tag-sergio-romero"],"_links":{"self":[{"href":"https:\/\/diarioelpopular.com\/index.php\/wp-json\/wp\/v2\/posts\/9112","targetHints":{"allow":["GET"]}}],"collection":[{"href":"https:\/\/diarioelpopular.com\/index.php\/wp-json\/wp\/v2\/posts"}],"about":[{"href":"https:\/\/diarioelpopular.com\/index.php\/wp-json\/wp\/v2\/types\/post"}],"author":[{"embeddable":true,"href":"https:\/\/diarioelpopular.com\/index.php\/wp-json\/wp\/v2\/users\/1"}],"replies":[{"embeddable":true,"href":"https:\/\/diarioelpopular.com\/index.php\/wp-json\/wp\/v2\/comments?post=9112"}],"version-history":[{"count":0,"href":"https:\/\/diarioelpopular.com\/index.php\/wp-json\/wp\/v2\/posts\/9112\/revisions"}],"wp:featuredmedia":[{"embeddable":true,"href":"https:\/\/diarioelpopular.com\/index.php\/wp-json\/"}],"wp:attachment":[{"href":"https:\/\/diarioelpopular.com\/index.php\/wp-json\/wp\/v2\/media?parent=9112"}],"wp:term":[{"taxonomy":"category","embeddable":true,"href":"https:\/\/diarioelpopular.com\/index.php\/wp-json\/wp\/v2\/categories?post=9112"},{"taxonomy":"post_tag","embeddable":true,"href":"https:\/\/diarioelpopular.com\/index.php\/wp-json\/wp\/v2\/tags?post=9112"}],"curies":[{"name":"wp","href":"https:\/\/api.w.org\/{rel}","templated":true}]}}