{"id":9150,"date":"2011-08-24T12:25:26","date_gmt":"2011-08-24T16:25:26","guid":{"rendered":"http:\/\/retrolab.ca\/elpopular\/?p=9150"},"modified":"2011-08-24T12:25:26","modified_gmt":"2011-08-24T16:25:26","slug":"notas-del-futbol-hispano-10","status":"publish","type":"post","link":"https:\/\/diarioelpopular.com\/index.php\/2011\/08\/24\/notas-del-futbol-hispano-10\/","title":{"rendered":"Notas del f\u00fatbol hispano"},"content":{"rendered":"<div id=\"attachment_9152\" style=\"width: 310px\" class=\"wp-caption alignright\"><a href=\"http:\/\/retrolab.ca\/elpopular\/wp-content\/uploads\/2011\/08\/FOTO-1-NOTAS3.jpg\"><img loading=\"lazy\" decoding=\"async\" aria-describedby=\"caption-attachment-9152\" class=\"size-medium wp-image-9152\" title=\"Carlos Tello\" src=\"http:\/\/retrolab.ca\/elpopular\/wp-content\/uploads\/2011\/08\/FOTO-1-NOTAS3-300x255.jpg\" alt=\"\" width=\"300\" height=\"255\" \/><\/a><p id=\"caption-attachment-9152\" class=\"wp-caption-text\">Carlos Tello, delantero del Pichincha, recibiendo instrucciones de su entrenador Alejando \u201cMenotti\u201d, en un reciente partido<\/p><\/div>\n<p>Una gran reuni\u00f3n deportiva de antiguos jugadores y dirigentes del f\u00fatbol latino, se efectuar\u00e1 este s\u00e1bado en la parte de los asados de Eglinton Flats, nos informa Vitin Cruz, ex jugador y dirigente del Manta Sporting Club en la Liga LEFA en la d\u00e9cada del 70. Vitin, afirma que se jugar\u00e1n partidos, premiar\u00e1n a destacados ex dirigentes que iniciaron el f\u00fatbol latino, en medio de recuerdos y comidas para todos los gustos. Hace poco Orlando L\u00f3pez, fundador de los equipos Duran Independiente de gran resonancia en la d\u00e9cada de los 70 en las canchas de St. Clair y Caledonia, y fundador tambi\u00e9n del Club Jane &amp; Finch en sus mejores momentos, lo mismo de la desaparecida Selecci\u00f3n Ecuatoriana, ofreci\u00f3 un pic nic con la asistencia de ex jugadores y dirigentes de este Duran Independiente que no lo vi, pero seg\u00fan comentarios fue gran equipo integrados por los mejores de aquella \u00e9poca pionera del f\u00fatbol hispano\u2026<\/p>\n<p>Los tiempos cambian y ahora son los masters en donde se juegan animados partidos; mientras los j\u00f3venes tienen lo suyo, y pr\u00e1cticamente no existen torneos de veteranos. Los ni\u00f1os se inician en Copa Diario El Popular\u2026<\/p>\n<p>Luis Franco, afirma que nuevamente seguir\u00e1 con su equipo Delf\u00edn SC, pero ahora en la liga salvadore\u00f1a de Jos\u00e9 Turcios en su pr\u00f3xima temporada invernal. Otro equipo que vuelve a la liga de don Jos\u00e9, es Manta Sporting Club con su dirigente Franklin Morales entre otros\u2026<\/p>\n<div id=\"attachment_9154\" style=\"width: 310px\" class=\"wp-caption alignleft\"><a href=\"http:\/\/retrolab.ca\/elpopular\/wp-content\/uploads\/2011\/08\/FOTO-2-NOTAS2.jpg\"><img loading=\"lazy\" decoding=\"async\" aria-describedby=\"caption-attachment-9154\" class=\"size-medium wp-image-9154 \" title=\"Allan Gonz\u00e1lez, Alberto \u201cpuma\u201d Mat\u00edas y Angelo Espinoza\" src=\"http:\/\/retrolab.ca\/elpopular\/wp-content\/uploads\/2011\/08\/FOTO-2-NOTAS2-300x216.jpg\" alt=\"\" width=\"300\" height=\"216\" \/><\/a><p id=\"caption-attachment-9154\" class=\"wp-caption-text\">Allan Gonz\u00e1lez, Alberto \u201cpuma\u201d Mat\u00edas y Angelo Espinoza, en un reciente reencuentro en Eglinton Flats, y el torneo de la Liga Hispana<\/p><\/div>\n<p>La actual competencia de Copa Diario El Popular, debe concluir el s\u00e1bado 24 de septiembre en las canchas \u201cRemberto Navia Parks\u201d, nos comentaba Carlos Navia que nos dice que el ni\u00f1o Keysbawh Jones, es buen\u00edsimo y tiene jugadas del propio brasilero Neymar, por algo ha ganado varios trofeos como el mejor jugador de anteriores torneos de Copa Diario El Popular\u2026<\/p>\n<p>El esperado debut de Jos\u00e9 Pisco en el Pichincha, a lo mejor se cristaliza en la pr\u00f3xima fecha de la Liga Hispanoamericana: \u201cJos\u00e9 reci\u00e9n cumpli\u00f3 40 a\u00f1os el lunes pasado, entonces ahora si puede jugar en forma correcta\u201d, comentaba Rodrigo\u2026<\/p>\n<p>Alberto \u201cpuma\u201d Mat\u00edas, el \u201cprofe\u201d Cornejo y otros amigos de Pisco, fueron el s\u00e1bado pasado a Eglinton Flats, pensando que Jose iba debutar por el Pichincha, pero no fue as\u00ed. Veremos qu\u00e9 pasa este fin de semana. Jos\u00e9 Pisco bien puede desempe\u00f1arse en todos los puestos incluyendo de golero en caso de emergencia; puesto al que lo prepar\u00f3 su hermano Ignacio, uno de los mejores guardametas de la historia f\u00fatbol latino local, pero solo dur\u00f3 hasta que se meti\u00f3 de r\u00e9feri y dijo adi\u00f3s al puesto m\u00e1s dif\u00edcil del f\u00fatbol para meterse en otra labor casi peor en el balompi\u00e9; sin embargo tiene su compensaci\u00f3n, all\u00ed se lleva sus buenos d\u00f3lares y ayuda mucho a pagar la casa propia, en cambio como futbolista a veces hay que colaborar econ\u00f3micamente para jugar, luego para los refrescos. No han faltado r\u00e9feris, que se echan sus traguitos indebidamente antes de los partidos: cuando los r\u00e9feris est\u00e1n algo \u201cchumados\u201d (tomados) los jugadores que se las saben todas rapidito se dan cuenta&#8230;<\/p>\n<div id=\"attachment_9156\" style=\"width: 203px\" class=\"wp-caption alignright\"><a href=\"http:\/\/retrolab.ca\/elpopular\/wp-content\/uploads\/2011\/08\/FOTO-3-NOTAS3.jpg\"><img loading=\"lazy\" decoding=\"async\" aria-describedby=\"caption-attachment-9156\" class=\"size-medium wp-image-9156\" title=\"Pablo Due\u00f1as\" src=\"http:\/\/retrolab.ca\/elpopular\/wp-content\/uploads\/2011\/08\/FOTO-3-NOTAS3-193x300.jpg\" alt=\"\" width=\"193\" height=\"300\" \/><\/a><p id=\"caption-attachment-9156\" class=\"wp-caption-text\">Pablo Due\u00f1as, zaguero del Ecuador United, sostiene a la mascota de este equipo en el torneo de la hispana<\/p><\/div>\n<p>El delantero argentino del Manchester City Sergio Ag\u00fcero le dijo al diario <em>The Mirror <\/em>que no le gusta que lo comparen con su suegro Diego Maradona. &#8220;Me parece vergonzoso que la gente me compare con \u00e9l. Es una falta de respeto, Maradona s\u00f3lo hay uno&#8221;, dijo. &#8220;Era un genio, el mejor jugador de la historia, una leyenda; yo en cambio s\u00f3lo soy un aprendiz&#8221;, a\u00f1adi\u00f3. Ag\u00fcero no dud\u00f3 en alabar a su suegro: &#8220;Fue un genio con el bal\u00f3n en los pies, un l\u00edder y la inspiraci\u00f3n de sus compa\u00f1eros de equipo. Nadie, repito, nadie pudo haber transformado equipos como \u00e9l lo hizo todos esos a\u00f1os. Tan solo tengo respeto hacia \u00e9l por todo lo que logr\u00f3&#8221;, expres\u00f3. &#8220;Los que nos comparan es porque no tienen ni idea, no saben de lo que hablan; nunca me ver\u00e9is avivando comparaciones con \u00e9l. S\u00e9 que pudo jugar, pero nunca me ver\u00e9is decir que soy el nuevo Maradona&#8221;, argument\u00f3\u2026<\/p>\n<p>El delantero colombiano Radamel Falcao, \u00faltimo fichaje del Atl\u00e9tico de Madrid, asegur\u00f3 que quiere &#8220;marcar una era&#8221; en el conjunto rojiblanco, con el que ha fichado por las pr\u00f3ximas cinco temporadas, y recalc\u00f3 que su equipo puede conseguir &#8220;grandes cosas&#8221; en esta campa\u00f1a. En una entrevista a la p\u00e1gina web oficial del club, el atacante recuerda que su padre le habl\u00f3 &#8220;mucho&#8221; del portugu\u00e9s Paulo Futre, que tambi\u00e9n lleg\u00f3 al Atl\u00e9tico procedente del Porto a mediados de los a\u00f1os 80 y que marc\u00f3 una \u00e9poca en el conjunto rojiblanco. &#8220;Esperamos que en esta temporada lo sigan haciendo como lo han hecho siempre. La ilusi\u00f3n, tanto de los hinchas como de los jugadores, es posicionar nuevamente al Atl\u00e9tico en los primeros lugares de la Liga espa\u00f1ola y de Europa&#8221;, dijo el futbolista, que tambi\u00e9n tiene la mirada en su debut en un derbi ante el Real Madrid\u2026<\/p>\n<p>Pensar que River Plate, ahora segunda, vendi\u00f3 el pase de Falcao en 6 millones d\u00f3lares al Porto, y ahora los portugueses acaban de ceder su pase por 30 millones de euros: gran negocio. Ante la llegada de Falcao, parece que Forl\u00e1n, sale del Atl\u00e9tico de Madrid con rumbo al Inter de Italia\u2026<\/p>\n<div id=\"attachment_9158\" style=\"width: 276px\" class=\"wp-caption alignleft\"><a href=\"http:\/\/retrolab.ca\/elpopular\/wp-content\/uploads\/2011\/08\/FOTO-4-NOTAS2.jpg\"><img loading=\"lazy\" decoding=\"async\" aria-describedby=\"caption-attachment-9158\" class=\"size-medium wp-image-9158 \" title=\"Julian de Guzman\" src=\"http:\/\/retrolab.ca\/elpopular\/wp-content\/uploads\/2011\/08\/FOTO-4-NOTAS2-266x300.jpg\" alt=\"\" width=\"266\" height=\"300\" \/><\/a><p id=\"caption-attachment-9158\" class=\"wp-caption-text\">Julian de Guzman, del Toronto FC, que esta noche se mide al FC Dallas en el torneo de la Concachampios en el estadio de BMO<\/p><\/div>\n<p>Tras una agitado verano trabajando en las contrataciones de Alexis S\u00e1nchez y Cesc Fabregas, el vicepresidente deportivo del FC Barcelona est\u00e1 satisfecho con la llegada de dos jugadores que vienen apuntalar la plantilla pese a la dureza de las negociaciones &#8220;Cost\u00f3 traer a S\u00e1nchez pero de todas maneras vali\u00f3 la pena&#8221;, declar\u00f3 Bartomeu al diario chileno &#8216;La Tercera&#8217;. Bartomeu considera el fichaje de Alexis S\u00e1nchez como una de las grandes incorporaciones de la temporada dando gracias al jugador por su inter\u00e9s en recalar en el club azulgrana. &#8220;Lo m\u00e1s importante fue la intenci\u00f3n de Alexis de jugar con nosotros. Desde el primer momento quiso estar en Barcelona&#8221;, apunt\u00f3. Adem\u00e1s, agreg\u00f3: &#8220;Guardiola est\u00e1 muy satisfecho con su llegada. A los pocos d\u00edas de llegar fue titular en el Bernab\u00e9u y luego ya consigui\u00f3 su primer t\u00edtulo. Creo que ser\u00e1 uno de los grandes refuerzos de la temporada&#8221;. En la misma l\u00ednea, el directivo tiene muy buenas referencias de la adaptaci\u00f3n del delantero chileno al equipo con el que se ha acoplado a las mil maravillas. &#8220;S\u00e1nchez tiene un car\u00e1cter muy especial y ha tenido una muy buena acogida. Es joven, alegre y muy humilde. Ah\u00ed, seguramente, los m\u00e1s veteranos lo integren bien con el resto&#8221;, desvel\u00f3\u2026<\/p>\n<p>Pep Guardiola, es el mejor entrenador del mundo, y c\u00f3mo no lo va ser, si dice quiero a este, quiero al otro, y ah\u00ed mismo se lo traen. Entre Alexis y Fabregas, el equipo del Barcelona ha gastado casi 100 millones de euros; con ese dinero se acaba la hambruna de Somalia, y todav\u00eda sobra algo. La pregunta es de donde se saca tanto dinero, si el cl\u00e1sico reciente entre Barza y Real, arrojo una taquilla de casi 3 millones de euros. Es decir para cubrir los fichajes mencionados se deber\u00edan jugar cuando menos 30 cl\u00e1sicos. Platini, ahora poderoso dirigente del futbol europeo, desea poner un tope a los contrato de los jugadores, algo parecido a lo ocurre en la MSL\u2026<\/p>\n<div id=\"attachment_9162\" style=\"width: 244px\" class=\"wp-caption alignright\"><a href=\"http:\/\/retrolab.ca\/elpopular\/wp-content\/uploads\/2011\/08\/FOTO-5-NOTAS1.jpg\"><img loading=\"lazy\" decoding=\"async\" aria-describedby=\"caption-attachment-9162\" class=\"size-medium wp-image-9162\" title=\"Gerardo Villanueva\" src=\"http:\/\/retrolab.ca\/elpopular\/wp-content\/uploads\/2011\/08\/FOTO-5-NOTAS1-234x300.jpg\" alt=\"\" width=\"234\" height=\"300\" \/><\/a><p id=\"caption-attachment-9162\" class=\"wp-caption-text\">Gerardo  Villanueva, fundador del equipo Azteca M\u00e9xico en la Liga Hispana,  contento con la tarea que cumple Pepe Silva, como jugador, entrenador,  veedor y todo lo dem\u00e1s. Gerardo, luce la camiseta de los Pumas de  M\u00e9xico, que pronto vienen a Toronto a jugar por el torneo de la  Concachampions<\/p><\/div>\n<p>Ryan Johnson y Juli\u00e1n De Guzm\u00e1n anotaron tres minutos aparte a medio camino del primer tiempo y Toronto FC contuvo los impulsos de Tauro FC venciendo 2-1 completando as\u00ed la primera ronda de la Etapa de Grupos de la Liga Campeones de CONCACAF. Para Toronto, que ha ganado s\u00f3lo tres de sus primeros 25 juegos en la Major League Soccer de Estados Unidos (MLS), este fue su segundo triunfo consecutivo, cuarto en seis partidos -incluyendo tres en la Liga Campeones- y extendi\u00f3 su racha invicta a seis. La victoria fue s\u00f3lo la segunda que Toronto obtiene fuera de casa en la Liga Campeones. La otra fue hace tres semanas, cuando jug\u00f3 contra el Real Estel\u00ed de Nicaragua en el partido de vuelta de la Ronda Preliminar\u2026<\/p>\n<p>En la concachampions al Toronto FC no le va mal, y esta noche se mide ante FC Dallas en estadio BMO a partir de las 8 de la noche, en su segundo partido por este torneo internacional que lo puede llevar a competir a la Copa de Campeones de Clubes de la FIFA. Adem\u00e1s del equipo Tauro de Panam\u00e1, tambi\u00e9n se encuentra Los Pumas de M\u00e9xico en este grupo cuadrangular del torneo de concachampions. Dos avanzan y dos quedan eliminados en la reglamentaci\u00f3n del campeonato\u2026<\/p>\n<p>Toronto FC en sigue casi en la cola de la zona este en la MLS; el pasado domingo perdi\u00f3 2-0 en la visita al  Chicago Fire, uno de los goles fue marcado por el canadiense Gaan, quien hasta hace poco era del Toronto FC, y fue traspasado a Chicago. Curiosamente todos los jugadores que traspasa el Toronto FC, despu\u00e9s les va bien en sus nuevos equipos en la MLS; inclusive varios han sido campeones o goleadores. En cambio en el Toronto FC, no pasaba nada con ellos, y por eso los env\u00edaron a nuevos clubes\u2026<\/p>\n<p>El mediocampista del Sporting Kansas City Graham Zusi fue escogido como el Jugador de la Semana de la Major League Soccer de la jornada 23 por el North American Soccer Reporters (NASR). Zusi anot\u00f3 dos goles en la victoria de su equipo de 3-1 sobre los Portland Timbers el mi\u00e9rcoles pasado y dio una gran actuaci\u00f3n en la victoria de 1-0 del Sporting Kansas City sobre D.C. United el domingo, que lleva a Sporting KC al segundo puesto en la Conferencia del Este. El nativo de Longwood, Fla., est\u00e1 teniendo una gran temporada en su tercer a\u00f1o con Sporting Kansas City con cinco goles y cuatro asistencias hasta la fecha. Antes en la temporada, Zusi fue nombrado como el Jugador del Mes de la MLS del mes de Junio, y su gran rendimiento ha seguido con su equipo entrando a las etapas finales de una carrera muy re\u00f1ida hacia la liguilla\u2026<\/p>\n<div id=\"attachment_9164\" style=\"width: 220px\" class=\"wp-caption alignleft\"><a href=\"http:\/\/retrolab.ca\/elpopular\/wp-content\/uploads\/2011\/08\/FOTO-6-NOTAS4.jpg\"><img loading=\"lazy\" decoding=\"async\" aria-describedby=\"caption-attachment-9164\" class=\"size-medium wp-image-9164  \" title=\"Felipe Uculmana y Cesar Echeandia\" src=\"http:\/\/retrolab.ca\/elpopular\/wp-content\/uploads\/2011\/08\/FOTO-6-NOTAS4-300x281.jpg\" alt=\"\" width=\"210\" height=\"197\" \/><\/a><p id=\"caption-attachment-9164\" class=\"wp-caption-text\">Felipe Uculmana y Cesar Echeandia, dos ex jugadores profesionales del f\u00fatbol peruano<\/p><\/div>\n<p>\u201cTulo\u201d Brice\u00f1o, del Copihues Rojos, se quejaba ante Rodrigo Ponce, que los r\u00e9feris en la hispana le sacan muchas tarjetas a sus jugadores: \u201cen la otra liga solamente pagamos 30 d\u00f3lares para los \u00e1rbitros, en cambio ac\u00e1 son 50 y los r\u00e9feris son muy malos\u201d, le reclama el \u201cTulo\u201d a Rodrigo, quien con su acostumbrada serenidad lo escuchaba en forma respetuosa en el atardecer del pasado s\u00e1bado. Pero a lo mejor pensando: \u201candate para all\u00e1, que nosotros estamos contentos aca\u201d. Al poco rato durante el juego Ecuador United ante Copihues, Camilo le dio tremendo \u201cfaul\u201d a Milton, de Ecuador United, y el r\u00e9feri Armando Pereira, no vacil\u00f3 en mostrarle la tarjeta roja porque la falta lo ameritaba. Armando Pereira, actualmente es presidente de la Asociaci\u00f3n de R\u00e9feris de Toronto, cuenta con grado 1 y adem\u00e1s es considerado uno de los mejores \u00e1rbitros de Ontario. Por su amistad con Rodrigo, el \u00e1rbitro portugu\u00e9s, tambi\u00e9n ejerce el cargo de coordinador de la liga hispana\u2026<\/p>\n<div id=\"attachment_9172\" style=\"width: 250px\" class=\"wp-caption alignright\"><a href=\"http:\/\/retrolab.ca\/elpopular\/wp-content\/uploads\/2011\/08\/FOTO-7-NOTAS3.jpg\"><img loading=\"lazy\" decoding=\"async\" aria-describedby=\"caption-attachment-9172\" class=\"size-medium wp-image-9172 \" title=\"Nelson Silva\" src=\"http:\/\/retrolab.ca\/elpopular\/wp-content\/uploads\/2011\/08\/FOTO-7-NOTAS3-300x232.jpg\" alt=\"\" width=\"240\" height=\"186\" \/><\/a><p id=\"caption-attachment-9172\" class=\"wp-caption-text\">El capit\u00e1n y r\u00e9feri profesional Nelson Silva (izq), mantiene ascendente tarea en impulsar el futsal AMF en El Salvador, con mucho \u00e9xito; premia a un equipo campe\u00f3n en un reciente torneo salvadore\u00f1o<\/p><\/div>\n<p>No hace mucho se reencontraron los ex jugadores de las selecciones peruanas profesionales: Cesar Echeandia y Felipe Uculmana. Cesar, brillo en los cremas de Universitario Deportes de Lima y Juan Aurich de Chiclayo entre otros clubes peruanos en la d\u00e9cadas del 60, 70 y algo del 80 en los mejores momentos de la historia del futbol peruano. Fue un volante de proyecci\u00f3n con mucha creatividad y alcanzo a jugar contra Maradona cuando el pibe de oro reciente comenzaba pero ya era un fuera de serie. Felipe, sali\u00f3 del Sporting Cristal, y form\u00f3 parte de las selecciones peruanas en los proyectos de los primeros a\u00f1os del 80, inclusive lleg\u00f3 a Toronto con Sporting Cristal para intervenir un cuadrangular ante Benfica y otros equipos desarrollado en el desaparecido estadio de CNE. C\u00e9sar Echeandia y su esposa, asisten a todos los partidos del Toronto FC, adquiriendo sus abonos de temporada que ofrece este club. Seguramente para presenciar partidos profesionales del f\u00fatbol. Retirado del bal\u00f3mpie, siempre recuerda que su mejor equipo en Toronto fue el Deportivo Tarqui de Gilberto \u201ccharolito\u201d Palacios. Felipe en cambio sigue jugando por el equipo Per\u00fa Rojo con su entrenador Juan Solar, en los masters de don Daniel Cerros, y es extra\u00f1o que sus amigos del Copihues Rojos, no lo hayan registrado para jugar por este equipo en la liga hispana\u2026<\/p>\n<div id=\"attachment_9174\" style=\"width: 310px\" class=\"wp-caption alignleft\"><a href=\"http:\/\/retrolab.ca\/elpopular\/wp-content\/uploads\/2011\/08\/FOTO-8-NOTAS2.jpg\"><img loading=\"lazy\" decoding=\"async\" aria-describedby=\"caption-attachment-9174\" class=\"size-medium wp-image-9174\" title=\"Oscar Barrientos, don Humberto Serrano y Julio Toro\" src=\"http:\/\/retrolab.ca\/elpopular\/wp-content\/uploads\/2011\/08\/FOTO-8-NOTAS2-300x227.jpg\" alt=\"\" width=\"300\" height=\"227\" \/><\/a><p id=\"caption-attachment-9174\" class=\"wp-caption-text\">Oscar Barrientos, don Humberto Serrano, notable dirigente del club Pichincha y Julio Toro, en la Liga Hispanoamericana y su torneo verano 2011<\/p><\/div>\n<p>Al r\u00e9feri salvadore\u00f1o Nelson Silva, le va bien en su natal San Salvador, lo cual nos alegra. El capit\u00e1n Nelson Silva, desde su vuelva a la capital salvadore\u00f1a, viene implementado el futsal AMF, al parecer con gran \u00e9xito. Frecuentemente nos enteramos por su cuenta en Facebook, que organiza concurridos torneos a nivel nacional salvadore\u00f1o, lo mismo brinda clases de arbitrajes entre otros aspectos. La tarea deportiva la viene transformando en algo bien social en su pa\u00eds natal, porque Nelson Silva, al hacer algo importante en lo deportivo, viene fomentando en la juventud salvadore\u00f1a la pasi\u00f3n por la pr\u00e1ctica del futsal; de esta forma aleja a los j\u00f3venes de vicios mayores de drogas y otros venenos que tanto da\u00f1o le vienen haciendo millones de nuestros j\u00f3venes latinoamericanos\u2026<\/p>\n<p>Angelo Espinoza, se recupera de una lesi\u00f3n a una rodilla, sin embargo no se anima a ingresar en acci\u00f3n. M\u00e1s, se viene animando a sacar un equipo de masters para el nuevo torneo indoor de masters de la liga hispana: \u201clo voy hacer en honor a don Robayito, una persona que siempre recuerdo\u201d, comentaba Angelo\u2026<\/p>\n<p>Hasta la pr\u00f3xima\u2026<\/p>\n","protected":false},"excerpt":{"rendered":"<p>Una gran reuni\u00f3n deportiva de antiguos jugadores y dirigentes del f\u00fatbol latino, se efectuar\u00e1 este s\u00e1bado en la parte de los asados de Eglinton Flats,&hellip;<\/p>\n","protected":false},"author":1,"featured_media":9177,"comment_status":"closed","ping_status":"open","sticky":false,"template":"","format":"standard","meta":{"footnotes":""},"categories":[28],"tags":[657],"class_list":["post-9150","post","type-post","status-publish","format-standard","has-post-thumbnail","hentry","category-deportes","tag-futbol-hispano"],"_links":{"self":[{"href":"https:\/\/diarioelpopular.com\/index.php\/wp-json\/wp\/v2\/posts\/9150","targetHints":{"allow":["GET"]}}],"collection":[{"href":"https:\/\/diarioelpopular.com\/index.php\/wp-json\/wp\/v2\/posts"}],"about":[{"href":"https:\/\/diarioelpopular.com\/index.php\/wp-json\/wp\/v2\/types\/post"}],"author":[{"embeddable":true,"href":"https:\/\/diarioelpopular.com\/index.php\/wp-json\/wp\/v2\/users\/1"}],"replies":[{"embeddable":true,"href":"https:\/\/diarioelpopular.com\/index.php\/wp-json\/wp\/v2\/comments?post=9150"}],"version-history":[{"count":0,"href":"https:\/\/diarioelpopular.com\/index.php\/wp-json\/wp\/v2\/posts\/9150\/revisions"}],"wp:featuredmedia":[{"embeddable":true,"href":"https:\/\/diarioelpopular.com\/index.php\/wp-json\/"}],"wp:attachment":[{"href":"https:\/\/diarioelpopular.com\/index.php\/wp-json\/wp\/v2\/media?parent=9150"}],"wp:term":[{"taxonomy":"category","embeddable":true,"href":"https:\/\/diarioelpopular.com\/index.php\/wp-json\/wp\/v2\/categories?post=9150"},{"taxonomy":"post_tag","embeddable":true,"href":"https:\/\/diarioelpopular.com\/index.php\/wp-json\/wp\/v2\/tags?post=9150"}],"curies":[{"name":"wp","href":"https:\/\/api.w.org\/{rel}","templated":true}]}}