{"id":9291,"date":"2011-08-24T22:40:56","date_gmt":"2011-08-25T02:40:56","guid":{"rendered":"http:\/\/retrolab.ca\/elpopular\/?p=9291"},"modified":"2011-08-24T22:40:56","modified_gmt":"2011-08-25T02:40:56","slug":"montreal-se-emociona-con-pa-negre","status":"publish","type":"post","link":"https:\/\/diarioelpopular.com\/index.php\/2011\/08\/24\/montreal-se-emociona-con-pa-negre\/","title":{"rendered":"Montreal se emociona con &#8220;Pa Negre&#8221;"},"content":{"rendered":"<div id=\"attachment_9292\" style=\"width: 710px\" class=\"wp-caption aligncenter\"><a href=\"http:\/\/retrolab.ca\/elpopular\/wp-content\/uploads\/2011\/08\/Pa-negre.jpg\"><img loading=\"lazy\" decoding=\"async\" aria-describedby=\"caption-attachment-9292\" class=\"size-full wp-image-9292\" title=\"Pa negre\" src=\"http:\/\/retrolab.ca\/elpopular\/wp-content\/uploads\/2011\/08\/Pa-negre.jpg\" alt=\"\" width=\"700\" height=\"420\" \/><\/a><p id=\"caption-attachment-9292\" class=\"wp-caption-text\">Un fotograma de la pel\u00edcula &quot;Pa negre&quot;, del director espa\u00f1ol Agust\u00ed Villaronga<\/p><\/div>\n<p><em><strong>Cristina Garc\u00eda Casado. Montreal.- <\/strong><\/em>La pel\u00edcula &#8220;Pa\u00a0Negre&#8221; (pan negro, en catal\u00e1n), que arras\u00f3 en la \u00faltima edici\u00f3n de los premios Goya con nueve galardones, emocion\u00f3 este mi\u00e9rcoles en el Festival de Pel\u00edculas del Mundo de Montreal con su f\u00e1bula sobre la devastaci\u00f3n moral que dej\u00f3 la Guerra Civil en la poblaci\u00f3n espa\u00f1ola.<\/p>\n<p>La cinta del director mallorqu\u00edn Agust\u00ed Villaronga, Premio Nacional de Cinematograf\u00eda 2011, se proyect\u00f3 hoy en el certamen canadiense fuera de concurso pero se llev\u00f3 el aplauso un\u00e1nime de un p\u00fablico que destac\u00f3 la emoci\u00f3n de la pel\u00edcula, as\u00ed como la actuaci\u00f3n de los actores, sobre todo los ni\u00f1os.<\/p>\n<p>En los duros a\u00f1os de la posguerra rural en Catalu\u00f1a, Andreu, un ni\u00f1o cuya familia pertenece al bando de los vencidos, encuentra en el bosque los cad\u00e1veres de su mejor amigo y el padre de \u00e9ste.<\/p>\n<p>A partir de este suceso, el peque\u00f1o comenzar\u00e1 a descubrir las mentiras y miserias que rodean a sus padres, a su pueblo, y a todo un pa\u00eds destrozado por la guerra donde lo \u00fanico que importa es sobrevivir, aunque para ello tenga que traicionar sus ra\u00edces y los ideales que le inculc\u00f3 su padre.<\/p>\n<p>&#8220;He venido a verla por el tema, pero la pel\u00edcula me ha sorprendido. Es muy emocionante y me ha mantenido en tensi\u00f3n hasta el \u00faltimo minuto&#8221;, dijo a Efe la venezolana Mercedes Leynes, una de las espectadoras que llenaron la sala a pesar de que la cinta se proyect\u00f3 a primera hora de la ma\u00f1ana y en d\u00eda laborable.<\/p>\n<p>Entre el p\u00fablico hab\u00eda algunos catalanes que residen en Montreal, para quienes la pel\u00edcula fue doblemente emotiva: &#8220;hac\u00eda mucho tiempo que no o\u00eda mi lengua en el cine y cuando ha empezado la pel\u00edcula y he o\u00eddo a los ni\u00f1os hablando un catal\u00e1n del interior me ha tocado mucho&#8221;, explic\u00f3 visiblemente emocionada Eva P\u00e9rez, que vive desde hace seis a\u00f1os en Montreal.<\/p>\n<p>&#8220;Me ha sorprendido mucho ver la sala llena, ya que es muy pronto, la gente est\u00e1 trabajando y adem\u00e1s la pel\u00edcula es en catal\u00e1n. Pero en Qu\u00e9bec hay una sensibilidad especial, siempre se comparan las situaciones de los dos territorios, hasta el expresidente Jordi Pujol lo hizo&#8221;, dijo P\u00e9rez, a quien su familia le recomend\u00f3 la pel\u00edcula por ser &#8220;muy famosa en Espa\u00f1a&#8221;.<\/p>\n<p>&#8220;Pa\u00a0negre&#8221; marc\u00f3 un hito en la \u00faltima edici\u00f3n de los Goya al convertirse en la primera pel\u00edcula en catal\u00e1n que ha conseguido alzarse con el galard\u00f3n al mejor filme en el certamen m\u00e1s importante del cine espa\u00f1ol.<\/p>\n<p>Para el p\u00fablico de Montreal, la pel\u00edcula es otra &#8220;gran muestra del buen cine espa\u00f1ol, siempre cargado de sentimiento&#8221;, en palabras de Ren\u00e9 Cormier, un espectador asiduo a este festival y al cine del pa\u00eds que vio nacer a Luis Bu\u00f1uel.<\/p>\n<p>&#8220;Cada a\u00f1o elegimos dos o tres cintas espa\u00f1olas para ver en el festival, es un cine que siempre asegura la emoci\u00f3n&#8221;, a\u00f1adi\u00f3.<\/p>\n<p>Todo fueron elogios para el aplaudido filme de Villaronga, salvo una queja de los espectadores que depend\u00edan de los subt\u00edtulos en ingl\u00e9s.<\/p>\n<p>&#8220;Hay mucho texto en la pel\u00edcula y no cabe en los subt\u00edtulos, por eso te vas un poco con la sensaci\u00f3n de que te has perdido detalles y matices, aunque la emoci\u00f3n la sientes igual&#8221;, concluy\u00f3 el espectador Andr\u00e9 Rox.<\/p>\n<p>&#8220;Pa\u00a0negre&#8221; es una de las 19 pel\u00edculas espa\u00f1olas que se proyectan en el certamen, cuyo jurado preside el cineasta barcelon\u00e9s Vicente Aranda.<\/p>\n<p>El Festival de Pel\u00edculas del Mundo de Montreal, que concluir\u00e1 el pr\u00f3ximo domingo 28, reivindica el cine independiente en su 35 edici\u00f3n a trav\u00e9s de 383 cintas de m\u00e1s de 70 pa\u00edses, cincuenta de ellas espa\u00f1olas y latinoamericanas.<\/p>\n","protected":false},"excerpt":{"rendered":"<p>La pel\u00edcula &#8220;Pa Negre&#8221; (pan negro), que arras\u00f3 en la \u00faltima edici\u00f3n de los premios Goya con nueve galardones, emocion\u00f3 este mi\u00e9rcoles en el Festival de Pel\u00edculas del Mundo de Montreal con su f\u00e1bula sobre la devastaci\u00f3n moral que dej\u00f3 la Guerra Civil en la poblaci\u00f3n espa\u00f1ola.<\/p>\n","protected":false},"author":1,"featured_media":9292,"comment_status":"closed","ping_status":"open","sticky":false,"template":"","format":"standard","meta":{"footnotes":""},"categories":[80],"tags":[7259,7260,400,7391],"class_list":["post-9291","post","type-post","status-publish","format-standard","has-post-thumbnail","hentry","category-cine-2","tag-festival-de-peliculas-del-mundo","tag-festival-des-films-du-monde","tag-montreal","tag-pa-negre"],"_links":{"self":[{"href":"https:\/\/diarioelpopular.com\/index.php\/wp-json\/wp\/v2\/posts\/9291","targetHints":{"allow":["GET"]}}],"collection":[{"href":"https:\/\/diarioelpopular.com\/index.php\/wp-json\/wp\/v2\/posts"}],"about":[{"href":"https:\/\/diarioelpopular.com\/index.php\/wp-json\/wp\/v2\/types\/post"}],"author":[{"embeddable":true,"href":"https:\/\/diarioelpopular.com\/index.php\/wp-json\/wp\/v2\/users\/1"}],"replies":[{"embeddable":true,"href":"https:\/\/diarioelpopular.com\/index.php\/wp-json\/wp\/v2\/comments?post=9291"}],"version-history":[{"count":0,"href":"https:\/\/diarioelpopular.com\/index.php\/wp-json\/wp\/v2\/posts\/9291\/revisions"}],"wp:featuredmedia":[{"embeddable":true,"href":"https:\/\/diarioelpopular.com\/index.php\/wp-json\/"}],"wp:attachment":[{"href":"https:\/\/diarioelpopular.com\/index.php\/wp-json\/wp\/v2\/media?parent=9291"}],"wp:term":[{"taxonomy":"category","embeddable":true,"href":"https:\/\/diarioelpopular.com\/index.php\/wp-json\/wp\/v2\/categories?post=9291"},{"taxonomy":"post_tag","embeddable":true,"href":"https:\/\/diarioelpopular.com\/index.php\/wp-json\/wp\/v2\/tags?post=9291"}],"curies":[{"name":"wp","href":"https:\/\/api.w.org\/{rel}","templated":true}]}}