{"id":94389,"date":"2012-01-13T10:53:52","date_gmt":"2012-01-13T15:53:52","guid":{"rendered":"http:\/\/diarioelpopular.com\/?p=94389"},"modified":"2012-01-13T10:53:52","modified_gmt":"2012-01-13T15:53:52","slug":"facebook-retiro-las-fotos-de-una-canadiense-dando-el-pecho","status":"publish","type":"post","link":"https:\/\/diarioelpopular.com\/index.php\/2012\/01\/13\/facebook-retiro-las-fotos-de-una-canadiense-dando-el-pecho\/","title":{"rendered":"Facebook retir\u00f3 las fotos de una canadiense dando el pecho"},"content":{"rendered":"<div id=\"attachment_94390\" style=\"width: 710px\" class=\"wp-caption aligncenter\"><a href=\"https:\/\/diarioelpopular.com\/wp-content\/uploads\/2012\/01\/Emma-Kwasnica.jpeg\"><img loading=\"lazy\" decoding=\"async\" aria-describedby=\"caption-attachment-94390\" class=\"size-full wp-image-94390\" title=\"Emma Kwasnica\" src=\"https:\/\/diarioelpopular.com\/wp-content\/uploads\/2012\/01\/Emma-Kwasnica.jpeg\" alt=\"\" width=\"700\" height=\"420\" \/><\/a><p id=\"caption-attachment-94390\" class=\"wp-caption-text\">Emma Kwasnica, dando el pecho a una de sus hijas. Foto: Jenelle Schneider \/ Postmedia News<\/p><\/div>\n<p><em><strong>El Popular. Vancouver.-<\/strong><\/em> Facebook retir\u00f3 las fotograf\u00edas que una madre de Vancouver hab\u00eda subido a <a href=\"http:\/\/www.facebook.com\/emma.kwasnica\" target=\"_blank\">su cuenta de la red social<\/a>, en las que la mujer aparec\u00eda amamantando a sus hijos, por considerar, seg\u00fan explic\u00f3 la afectada, que las im\u00e1genes violaban la pol\u00edtica sobre desnudez de la compa\u00f1\u00eda.<\/p>\n<p>Emma Kwasnica, de 33 a\u00f1os de edad, declar\u00f3 a la agencia The Canadian Press que desde que se dio de alta en Facebook, en el a\u00f1o 2008, cerca de 30 fotograf\u00edas en las que aparece dando el pecho a sus hijos han sido retiradas , y que su cuenta ha sido bloqueada en al menos cuatro ocasiones.<\/p>\n<p>El \u00faltimo incidente ocurri\u00f3 el pasado domingo, cuando intent\u00f3 conectarse. Kwasnica afirma que Fecebook elimin\u00f3 sus fotos alegando que violan la pol\u00edtica de la compa\u00f1\u00eda sobre im\u00e1genes obscenas, de desnudos o con contenido sexualmente expl\u00edcito.<\/p>\n<p>&#8220;Se trata del derecho de un ni\u00f1o a comer, y del derecho de una madre a alimentar a su hijo&#8221;, dijo Kwasnica a The Canadian Press. &#8220;No hay nada sexualmente expl\u00edcito en dar el pecho a tu hijo, absolutamente nada&#8221;, a\u00f1adi\u00f3.<\/p>\n<p>A principios de esta semana se cre\u00f3 una p\u00e1gina en Facebook en apoyo de Kwasnica, que este jueves contaba ya con m\u00e1s de 3.500 seguidores.<\/p>\n<p>Este viernes, Kwasnica <a href=\"http:\/\/www.facebook.com\/notes\/fb-stop-harassing-emma-kwasnica-over-her-breastfeeding-pics\/emma-kwasnica-responds-to-facebook-after-receiving-apology\/325724474117283\" target=\"_blank\">informaba en su propia p\u00e1gina de Facebook<\/a> de que, &#8220;despu\u00e9s de escribirles varios correos electr\u00f3nicos&#8221;, la compa\u00f1\u00eda se ha puesto en contacto con ella para pedirle disculpas. Seg\u00fan Kwasnica, Facebook ha atribuido la retirada de sus fotos y el bloqueo de su cuenta a &#8220;un error&#8221;.<\/p>\n<p>Kwasnica asegura que &#8220;aceptar\u00e9 las disculpas cuando me aseguren que no van a volver a hacer esto nunca m\u00e1s, ni a mi ni a nadie&#8221;.<\/p>\n","protected":false},"excerpt":{"rendered":"<p>Facebook retir\u00f3 las fotograf\u00edas que una madre de Vancouver hab\u00eda subido a su cuenta de la red social, en las que la mujer aparec\u00eda amamantando a sus hijos, por considerar, seg\u00fan explic\u00f3 la afectada, que las im\u00e1genes violaban la pol\u00edtica sobre desnudez de la compa\u00f1\u00eda.<\/p>\n","protected":false},"author":1,"featured_media":94390,"comment_status":"closed","ping_status":"open","sticky":false,"template":"","format":"standard","meta":{"footnotes":""},"categories":[21],"tags":[773,774,775,776,777,778,779,463],"class_list":["post-94389","post","type-post","status-publish","format-standard","has-post-thumbnail","hentry","category-canada","tag-amamantar","tag-breastfeeding","tag-emma-kwasnica","tag-facebook","tag-fotos-2","tag-lactancia","tag-pecho","tag-vancouver"],"_links":{"self":[{"href":"https:\/\/diarioelpopular.com\/index.php\/wp-json\/wp\/v2\/posts\/94389","targetHints":{"allow":["GET"]}}],"collection":[{"href":"https:\/\/diarioelpopular.com\/index.php\/wp-json\/wp\/v2\/posts"}],"about":[{"href":"https:\/\/diarioelpopular.com\/index.php\/wp-json\/wp\/v2\/types\/post"}],"author":[{"embeddable":true,"href":"https:\/\/diarioelpopular.com\/index.php\/wp-json\/wp\/v2\/users\/1"}],"replies":[{"embeddable":true,"href":"https:\/\/diarioelpopular.com\/index.php\/wp-json\/wp\/v2\/comments?post=94389"}],"version-history":[{"count":0,"href":"https:\/\/diarioelpopular.com\/index.php\/wp-json\/wp\/v2\/posts\/94389\/revisions"}],"wp:featuredmedia":[{"embeddable":true,"href":"https:\/\/diarioelpopular.com\/index.php\/wp-json\/"}],"wp:attachment":[{"href":"https:\/\/diarioelpopular.com\/index.php\/wp-json\/wp\/v2\/media?parent=94389"}],"wp:term":[{"taxonomy":"category","embeddable":true,"href":"https:\/\/diarioelpopular.com\/index.php\/wp-json\/wp\/v2\/categories?post=94389"},{"taxonomy":"post_tag","embeddable":true,"href":"https:\/\/diarioelpopular.com\/index.php\/wp-json\/wp\/v2\/tags?post=94389"}],"curies":[{"name":"wp","href":"https:\/\/api.w.org\/{rel}","templated":true}]}}