{"id":9542,"date":"2011-08-28T22:08:49","date_gmt":"2011-08-29T02:08:49","guid":{"rendered":"http:\/\/retrolab.ca\/elpopular\/?p=9542"},"modified":"2011-08-28T22:08:49","modified_gmt":"2011-08-29T02:08:49","slug":"cuatro-muertos-al-estrellarse-un-helicoptero-en-quebec","status":"publish","type":"post","link":"https:\/\/diarioelpopular.com\/index.php\/2011\/08\/28\/cuatro-muertos-al-estrellarse-un-helicoptero-en-quebec\/","title":{"rendered":"Cuatro muertos al estrellarse un helic\u00f3ptero"},"content":{"rendered":"<div id=\"attachment_9543\" style=\"width: 710px\" class=\"wp-caption aligncenter\"><a href=\"http:\/\/retrolab.ca\/elpopular\/wp-content\/uploads\/2011\/08\/Victoriaville-Quebec.png\"><img loading=\"lazy\" decoding=\"async\" aria-describedby=\"caption-attachment-9543\" class=\"size-full wp-image-9543\" title=\"Victoriaville, Quebec\" src=\"http:\/\/retrolab.ca\/elpopular\/wp-content\/uploads\/2011\/08\/Victoriaville-Quebec.png\" alt=\"\" width=\"700\" height=\"420\" \/><\/a><p id=\"caption-attachment-9543\" class=\"wp-caption-text\">El accidente ocurri\u00f3 a unos 100 Km de la Ciudad de Quebec. Mapa: Google Maps \/ El Popular<\/p><\/div>\n<p><em><strong>El Popular \/ Montreal.- <\/strong><\/em>Cuatro personas (dos hombres, una mujer y un ni\u00f1o) perdieron la vida este s\u00e1bado por la noche al estrellarse el helic\u00f3ptero en que viajaban cerca de la localidad de Saint-Ferdinand, en el sureste de Quebec. No hubo supervivientes.<\/p>\n<p>El accidente ocurri\u00f3 sobre las nueve y cuarto de la noche, seg\u00fan informaron fuentes policiales, que a\u00f1adieron que la llamada de emergencia no se recibi\u00f3 hasta las once. El hecho de que el helic\u00f3ptero cayese en una zona densamente arbolada, al este de Victoriaville, unos 100 kil\u00f3metros al sur de la Ciudad de Quebec, hizo que los equipos de rescate necesitasen m\u00e1s de una hora para poder llegar al lugar del accidente, lo que finalmente consiguieron hacer alrededor de la medianoche.<\/p>\n<p>Dos de las v\u00edctimas murieron en el mismo lugar del siniestro, mientras que las otras dos fueron declaradas muertas m\u00e1s tarde en el hospital. Los nombres de los fallecidos no hab\u00edan sido hechos p\u00fablicos a\u00fan este domingo, al cierre de esta edici\u00f3n.<\/p>\n<p>Dos investigadores de la Junta Federal de Seguridad en el Transporte se desplazaron hasta el lugar este domingo por la ma\u00f1ana. Chris Krepski, un portavoz de este organismo, indic\u00f3 que a\u00fan estaban tratando de determinar las causas del accidente.<\/p>\n<p>Los expertos ten\u00edan previsto examinar los restos del avi\u00f3n, as\u00ed como los registros de mantenimiento de la aeronave, el clima en el momento del siniestro y si hubo alguna comunicaci\u00f3n entre el piloto y el control de tr\u00e1fico a\u00e9reo.<\/p>\n<p>Seg\u00fan inform\u00f3 Krepski, el helic\u00f3ptero accidentado, un Robinson R44 con capacidad para cuatro personas, no estaba obligado a llevar una caja negra.<\/p>\n<p>Pese a que la nave qued\u00f3 destruida, no se declar\u00f3 incendio tras el impacto.<\/p>\n","protected":false},"excerpt":{"rendered":"<p>Cuatro personas (dos hombres, una mujer y un ni\u00f1o) perdieron la vida este s\u00e1bado por la noche al estrellarse el helic\u00f3ptero en que viajaban cerca de la localidad de Saint-Ferdinand, en el sureste de Quebec. No hubo supervivientes.<\/p>\n","protected":false},"author":1,"featured_media":9543,"comment_status":"closed","ping_status":"open","sticky":false,"template":"","format":"standard","meta":{"footnotes":""},"categories":[21],"tags":[297,1009,41],"class_list":["post-9542","post","type-post","status-publish","format-standard","has-post-thumbnail","hentry","category-canada","tag-accidente","tag-helicoptero","tag-quebec"],"_links":{"self":[{"href":"https:\/\/diarioelpopular.com\/index.php\/wp-json\/wp\/v2\/posts\/9542","targetHints":{"allow":["GET"]}}],"collection":[{"href":"https:\/\/diarioelpopular.com\/index.php\/wp-json\/wp\/v2\/posts"}],"about":[{"href":"https:\/\/diarioelpopular.com\/index.php\/wp-json\/wp\/v2\/types\/post"}],"author":[{"embeddable":true,"href":"https:\/\/diarioelpopular.com\/index.php\/wp-json\/wp\/v2\/users\/1"}],"replies":[{"embeddable":true,"href":"https:\/\/diarioelpopular.com\/index.php\/wp-json\/wp\/v2\/comments?post=9542"}],"version-history":[{"count":0,"href":"https:\/\/diarioelpopular.com\/index.php\/wp-json\/wp\/v2\/posts\/9542\/revisions"}],"wp:featuredmedia":[{"embeddable":true,"href":"https:\/\/diarioelpopular.com\/index.php\/wp-json\/"}],"wp:attachment":[{"href":"https:\/\/diarioelpopular.com\/index.php\/wp-json\/wp\/v2\/media?parent=9542"}],"wp:term":[{"taxonomy":"category","embeddable":true,"href":"https:\/\/diarioelpopular.com\/index.php\/wp-json\/wp\/v2\/categories?post=9542"},{"taxonomy":"post_tag","embeddable":true,"href":"https:\/\/diarioelpopular.com\/index.php\/wp-json\/wp\/v2\/tags?post=9542"}],"curies":[{"name":"wp","href":"https:\/\/api.w.org\/{rel}","templated":true}]}}