{"id":9609,"date":"2011-08-28T21:45:59","date_gmt":"2011-08-29T01:45:59","guid":{"rendered":"http:\/\/retrolab.ca\/elpopular\/?p=9609"},"modified":"2011-08-28T21:45:59","modified_gmt":"2011-08-29T01:45:59","slug":"el-madrid-barre-al-zaragoza-y-abre-la-liga-como-lider","status":"publish","type":"post","link":"https:\/\/diarioelpopular.com\/index.php\/2011\/08\/28\/el-madrid-barre-al-zaragoza-y-abre-la-liga-como-lider\/","title":{"rendered":"El Madrid barre al Zaragoza y abre la Liga como l\u00edder"},"content":{"rendered":"<div id=\"attachment_9610\" style=\"width: 710px\" class=\"wp-caption aligncenter\"><a href=\"http:\/\/retrolab.ca\/elpopular\/wp-content\/uploads\/2011\/08\/Real-Madrid-Zaragoza.jpg\"><img loading=\"lazy\" decoding=\"async\" aria-describedby=\"caption-attachment-9610\" class=\"size-full wp-image-9610\" title=\"Real Madrid - Zaragoza\" src=\"http:\/\/retrolab.ca\/elpopular\/wp-content\/uploads\/2011\/08\/Real-Madrid-Zaragoza.jpg\" alt=\"\" width=\"700\" height=\"420\" \/><\/a><p id=\"caption-attachment-9610\" class=\"wp-caption-text\">El centrocampista brasile\u00f1o del Real Madrid Ricardo Izecson &#039;Kak\u00e1&#039; dispara en presencia del centrocampista portugu\u00e9s del Real Zaragoza Fernando Silva &#039;Meira&#039;, para marcar el quinto gol de su equipo, durante el partido correspondiente a la segunda jornada de la Primera Divisi\u00f3n de la Liga espa\u00f1ola. Foto: Javier Cebollada \/ Efe<\/p><\/div>\n<p><em><strong>Nemesio Rodr\u00edguez \/ Madrid.- <\/strong><\/em>El Real Madrid pas\u00f3 por Zaragoza como un hurac\u00e1n y avanz\u00f3 sus credenciales para retar nuevamente al Barcelona con una goleada (0-6) que lo situ\u00f3 como l\u00edder provisional a falta del duelo de este lunes entre el equipo de Leo Messi y el Villarreal.<\/p>\n<p>Cristiano Ronaldo (3), Marcelo, Xabi Alonso y Ricardo Kak\u00e1 firmaron las dianas del Madrid, que no dio opci\u00f3n alguna al equipo del mexicano Javier Aguirre en la segunda jornada aunque primera de esta temporada, ya que la de apertura se suspendi\u00f3 por la huelga de los futbolistas.<\/p>\n<div id=\"attachment_9611\" style=\"width: 310px\" class=\"wp-caption alignright\"><a href=\"http:\/\/retrolab.ca\/elpopular\/wp-content\/uploads\/2011\/08\/Marcelo-Vieira.jpg\"><img loading=\"lazy\" decoding=\"async\" aria-describedby=\"caption-attachment-9611\" class=\"size-medium wp-image-9611\" title=\"Marcelo Vieira\" src=\"http:\/\/retrolab.ca\/elpopular\/wp-content\/uploads\/2011\/08\/Marcelo-Vieira-300x237.jpg\" alt=\"\" width=\"300\" height=\"237\" \/><\/a><p id=\"caption-attachment-9611\" class=\"wp-caption-text\">El defensa brasile\u00f1o del Real Madrid Marcelo Vieira salta sobre el delantero nigeriano del Real Zaragoza Ikechuwku Uche. Foto: Javier Cebollada \/ Efe<\/p><\/div>\n<p>&#8220;Marqu\u00e9 tres goles gracias a mis compa\u00f1eros. Somos un equipo. Yo le ayudo y \u00e9l a m\u00ed. No ganaremos nada si no estamos juntos&#8221;, dijo Ronaldo despu\u00e9s de sumar su noveno &#8220;triplete&#8221; con la camiseta blanca.<\/p>\n<p>En Mestalla, H\u00e9ctor C\u00faper tuvo un debut agridulce en su regreso a la\u00a0Liga, ya que su equipo, el Racing de Santander, desperdici\u00f3 una ventaja de 1-3 para perder por 4-3. Roberto Soldado firm\u00f3 tres tantos y el primero de los visitantes. El argentino Lautaro Acosta puso el 1-2 en el minuto 13.<\/p>\n<p>El Atl\u00e9tico de Madrid, sin su nueva estrella anotadora, el colombiano Radamel Falcao, a\u00fan sin el pase internacional, desaprovech\u00f3 varias ocasiones de marcar y el Osasuna se llev\u00f3 del Vicente Calder\u00f3n un valioso empate sin goles.<\/p>\n<p>Dos goles de \u00c1lvaro Negredo al argentino Willy Caballero impulsaron la vitoria del Sevilla sobre el M\u00e1laga (2-1), donde una de sus nuevas estrellas, Santi Cazorla, acort\u00f3 con un magistral lanzamiento de falta.<\/p>\n<p>La Real Sociedad, con el chileno Claudio Bravo en la porter\u00eda, se impuso a domicilio (1-2) al Sporting de Gij\u00f3n con dos goles de Imanol Agirretxe, que fue relevado en el segundo tiempo por el uruguayo Diego Ifr\u00e1n.<\/p>\n<p>En el duelo de retornados a Primera, el Betis gan\u00f3 en casa del Granada, que regres\u00f3 a la m\u00e1xima divisi\u00f3n 35 a\u00f1os despu\u00e9s, con una solitaria diana de Rub\u00e9n Castro a tres minutos del final.<\/p>\n<p>Marcelo Bielsa vivi\u00f3 un gris estreno en San Mam\u00e9s, ya que su equipo, el Athletic de Bilbao, no pas\u00f3 del empate a un gol ante el reci\u00e9n ascendido Rayo Vallecano (Ander Iturraspe por los locales y Jos\u00e9 Mar\u00eda Movilla por los visitantes).<\/p>\n<p>El mismo resultado se produjo en el Getafe-Levante. El venezolano &#8220;Miku&#8221; bati\u00f3 al uruguayo Gustavo Mun\u00faa en el minuto 61 y Juanlu igual\u00f3 un cuarto de hora despu\u00e9s para los visitantes.<\/p>\n<p>La segunda jornada de\u00a0Liga\u00a0se completar\u00e1 ma\u00f1ana, lunes, con el Barcelona-Villarreal.<\/p>\n","protected":false},"excerpt":{"rendered":"<p>El Real Madrid pas\u00f3 por Zaragoza como un hurac\u00e1n y avanz\u00f3 sus credenciales para retar nuevamente al Barcelona con una goleada (0-6) que lo situ\u00f3 como l\u00edder provisional a falta del duelo de este lunes entre el equipo de Leo Messi y el Villarreal.<\/p>\n","protected":false},"author":1,"featured_media":9610,"comment_status":"closed","ping_status":"open","sticky":false,"template":"","format":"standard","meta":{"footnotes":""},"categories":[28],"tags":[444,179,503,760],"class_list":["post-9609","post","type-post","status-publish","format-standard","has-post-thumbnail","hentry","category-deportes","tag-espana","tag-futbol-2","tag-liga","tag-real-madrid"],"_links":{"self":[{"href":"https:\/\/diarioelpopular.com\/index.php\/wp-json\/wp\/v2\/posts\/9609","targetHints":{"allow":["GET"]}}],"collection":[{"href":"https:\/\/diarioelpopular.com\/index.php\/wp-json\/wp\/v2\/posts"}],"about":[{"href":"https:\/\/diarioelpopular.com\/index.php\/wp-json\/wp\/v2\/types\/post"}],"author":[{"embeddable":true,"href":"https:\/\/diarioelpopular.com\/index.php\/wp-json\/wp\/v2\/users\/1"}],"replies":[{"embeddable":true,"href":"https:\/\/diarioelpopular.com\/index.php\/wp-json\/wp\/v2\/comments?post=9609"}],"version-history":[{"count":0,"href":"https:\/\/diarioelpopular.com\/index.php\/wp-json\/wp\/v2\/posts\/9609\/revisions"}],"wp:featuredmedia":[{"embeddable":true,"href":"https:\/\/diarioelpopular.com\/index.php\/wp-json\/"}],"wp:attachment":[{"href":"https:\/\/diarioelpopular.com\/index.php\/wp-json\/wp\/v2\/media?parent=9609"}],"wp:term":[{"taxonomy":"category","embeddable":true,"href":"https:\/\/diarioelpopular.com\/index.php\/wp-json\/wp\/v2\/categories?post=9609"},{"taxonomy":"post_tag","embeddable":true,"href":"https:\/\/diarioelpopular.com\/index.php\/wp-json\/wp\/v2\/tags?post=9609"}],"curies":[{"name":"wp","href":"https:\/\/api.w.org\/{rel}","templated":true}]}}