{"id":9614,"date":"2011-08-28T22:00:29","date_gmt":"2011-08-29T02:00:29","guid":{"rendered":"http:\/\/retrolab.ca\/elpopular\/?p=9614"},"modified":"2011-08-28T22:00:29","modified_gmt":"2011-08-29T02:00:29","slug":"mollema-nuevo-lider-de-la-vuelta-tras-reventar-purito","status":"publish","type":"post","link":"https:\/\/diarioelpopular.com\/index.php\/2011\/08\/28\/mollema-nuevo-lider-de-la-vuelta-tras-reventar-purito\/","title":{"rendered":"Mollema, nuevo l\u00edder de la Vuelta tras reventar Purito"},"content":{"rendered":"<div id=\"attachment_9615\" style=\"width: 710px\" class=\"wp-caption aligncenter\"><a href=\"http:\/\/retrolab.ca\/elpopular\/wp-content\/uploads\/2011\/08\/Vuelta-a-Espa\u00f1a-Novena-etapa-.jpg\"><img loading=\"lazy\" decoding=\"async\" aria-describedby=\"caption-attachment-9615\" class=\"size-full wp-image-9615\" title=\"Vuelta a Espa\u00f1a, Novena etapa\" src=\"http:\/\/retrolab.ca\/elpopular\/wp-content\/uploads\/2011\/08\/Vuelta-a-Espa\u00f1a-Novena-etapa-.jpg\" alt=\"\" width=\"700\" height=\"420\" \/><\/a><p id=\"caption-attachment-9615\" class=\"wp-caption-text\">Joaquim &quot;Purito&quot; Rodr\u00edguez, seguido por el ruso Denis Menchov durante la ascensi\u00f3n al puerto de la Covatilla, en la novena etapa de la Vuelta a Espa\u00f1a. Foto: Jos\u00e9 Manuel Vidal \/ Efe<\/p><\/div>\n<p><em><strong>Carlos de Torres \/ La Covatilla (Espa\u00f1a).- <\/strong><\/em>El irland\u00e9s Daniel Martin (Garmin) sorprendi\u00f3 a los favoritos de la Vuelta al adjudicarse la novena etapa disputada entre Villacast\u00edn y el Alto de La Covatilla, de 183 kil\u00f3metros, en la que el holand\u00e9s Bauke Mollema (Rabobank) se puso l\u00edder tras el hundimiento de Joaquim\u00a0Purito\u00a0Rodr\u00edguez, gran derrotado de la jornada.<\/p>\n<p>Martin, de 25 a\u00f1os y sobrino del legendario Stephen Roche, se incrust\u00f3 entre los mejores para hacer valer su velocidad en la cima salmantina, donde celebr\u00f3 su estreno en la Vuelta por delante del nuevo l\u00edder, Bauke Mollema, otro joven interesante del pelot\u00f3n, y del espa\u00f1ol Juan Jos\u00e9 Cobo (Geox).<\/p>\n<p>Los favoritos mostraron sus grandezas y miserias en una jornada en la que los escaladores deb\u00edan almacenar tiempo ante la contrarreloj de Salamanca. Buen d\u00eda para el brit\u00e1nico Wiggins (Sky), que entr\u00f3 cuarto, as\u00ed como para Vincenzo Nibali, Denis Menchov y Jurgen Van den Broeck, separados en meta por 15 segundos.<\/p>\n<p>D\u00eda nefasto para\u00a0Purito\u00a0Rodr\u00edguez, quien no pudo reforzar la Roja, como era su deseo ante la v\u00eda dolorosa que le espera en la contrarreloj. Se dej\u00f3 50 segundos que le oscurecen el futuro. Grande la v\u00edspera en El Escorial, se apag\u00f3 en su terreno v\u00edctima de una p\u00e1jara considerable.<\/p>\n<p>El catal\u00e1n sufri\u00f3 &#8220;un mal d\u00eda&#8221;. Perdi\u00f3 el liderato por un segundo, pero merm\u00f3 sus opciones al triunfo final. Antes de que el reloj ponga a cada uno en su sitio, solo aventaja en la general en 8 segundos a Nibali, en 26 a Van den Broeck, 59 a Wiggins, y 2.17 a Menchov. Renta insignificante.<\/p>\n<p>No solo se apag\u00f3\u00a0Purito\u00a0en La Covatilla. El italiano Michele Scarponi (Lampre) defraud\u00f3 las expectativas. Segundo en El Escorial, perdi\u00f3 el tren de cabeza cuando se desataron las hostilidades. Como Igor Ant\u00f3n (Euskaltel Euskadi), que no levanta cabeza. Ambos se cargaron 1,49 minutos en su casillero. El ciclista transalpino desapareci\u00f3 del top ten y el vasco ya est\u00e1 a 4.31 del l\u00edder. Ahora, a pensar en pescar alguna etapa.<\/p>\n<p>La jornada guard\u00f3 su esencia para el ascenso de 18 kil\u00f3metros a la estaci\u00f3n de esqu\u00ed que inaugur\u00f3 Santi Blanco en 2002, aunque el l\u00edo se mont\u00f3 en los \u00faltimos 10, poco despu\u00e9s de que el alem\u00e1n Sebastian Lang (Omega) claudicara como \u00faltimo superviviente de la escapada del d\u00eda.<\/p>\n<p>Purito\u00a0se preocup\u00f3 de bonificar 2 segundos en el esprint de B\u00e9jar, a pie de puerto. Tal vez una se\u00f1al de una ambici\u00f3n que no tuvo continuidad. El Lampre estir\u00f3 al personal ya cuesta arriba y su l\u00edder, Scarponi, fue el primero en lanzar un envite. Primera selecci\u00f3n, y primeros s\u00edntomas de que algunos no andaban finos.<\/p>\n<p>El siguiente en probar fue Nibali, el defensor del t\u00edtulo, a 5,5 kil\u00f3metros de la cima. El l\u00edder del Liquigas no se pudo marchar, pero s\u00ed lo hizo Daniel Martin, que tuvo permiso de los gallos para abrir hueco. Surgi\u00f3 la alianza familiar, pues se peg\u00f3 a su rueda su primo Nicolas Roche.<\/p>\n<p>Otro ataque de Nibali a 4 sirvi\u00f3 para alcanzar a Martin y Roche y descolgar definitivamente a\u00a0Purito. Y ya se juntaron los que iban a discutir la etapa. Pidieron voz y voto los &#8220;desaparecidos&#8221; Wiggins, Menchov y Van den Broeck, entre los que se metieron tambi\u00e9n Mollema y Cobo, entre otros.<\/p>\n<p>Ocasi\u00f3n de oro para los rodadores que sue\u00f1an con la cronometrada charra. Wiggins se ech\u00f3 a la espalda el ritmo del grupo hasta la recta de meta. Casi asfixia a Daniel Martin, quien sac\u00f3 su carta marcada. No tuvo m\u00e1s que acelerar para poner su nombre en el palmar\u00e9s de la Vuelta.<\/p>\n<p>Ya lo hab\u00eda escrito hace un a\u00f1o con el triunfo en la Vuelta a Polonia, y en 2009 con un segundo puesto en la Volta a Catalu\u00f1a, superado solo por Alejandro Valverde.<\/p>\n<p>El premio gordo para Martin, el honor de vestirse de rojo recay\u00f3 en otro joven talento del pelot\u00f3n, Bauke Mollem, de 24 a\u00f1os, un corredor que irrumpi\u00f3 en 2007 con triunfos de post\u00edn en el Tour del Porvenir y Circuito Monta\u00f1\u00e9s. Falta la confirmaci\u00f3n en la esfera profesional. No se conforma con cualquier cosa el ciclista del Rabobank. &#8220;Estoy un poco fastidiado. No buscaba el liderato, sino ganar la etapa&#8221;, dijo.<\/p>\n<p>La Vuelta queda pendiente de un reloj. De momento los escaladores no han aprovechado sus oportunidades. Los contrarrelojistas han sobrevivido. Y Nibali, mientras, a nadar en todas las aguas con la idea de llegar a Madrid con la camiseta roja.<\/p>\n","protected":false},"excerpt":{"rendered":"<p>El irland\u00e9s Daniel Martin sorprendi\u00f3 a los favoritos de la Vuelta al adjudicarse la novena etapa disputada entre Villacast\u00edn y el Alto de La Covatilla, en la que el holand\u00e9s Bauke Mollema se puso l\u00edder tras el hundimiento de Joaquim Purito Rodr\u00edguez, gran derrotado de la jornada.<\/p>\n","protected":false},"author":1,"featured_media":9615,"comment_status":"closed","ping_status":"open","sticky":false,"template":"","format":"standard","meta":{"footnotes":""},"categories":[28],"tags":[1215,444,7441,7332],"class_list":["post-9614","post","type-post","status-publish","format-standard","has-post-thumbnail","hentry","category-deportes","tag-ciclismo","tag-espana","tag-mollema","tag-vuelta"],"_links":{"self":[{"href":"https:\/\/diarioelpopular.com\/index.php\/wp-json\/wp\/v2\/posts\/9614","targetHints":{"allow":["GET"]}}],"collection":[{"href":"https:\/\/diarioelpopular.com\/index.php\/wp-json\/wp\/v2\/posts"}],"about":[{"href":"https:\/\/diarioelpopular.com\/index.php\/wp-json\/wp\/v2\/types\/post"}],"author":[{"embeddable":true,"href":"https:\/\/diarioelpopular.com\/index.php\/wp-json\/wp\/v2\/users\/1"}],"replies":[{"embeddable":true,"href":"https:\/\/diarioelpopular.com\/index.php\/wp-json\/wp\/v2\/comments?post=9614"}],"version-history":[{"count":0,"href":"https:\/\/diarioelpopular.com\/index.php\/wp-json\/wp\/v2\/posts\/9614\/revisions"}],"wp:featuredmedia":[{"embeddable":true,"href":"https:\/\/diarioelpopular.com\/index.php\/wp-json\/"}],"wp:attachment":[{"href":"https:\/\/diarioelpopular.com\/index.php\/wp-json\/wp\/v2\/media?parent=9614"}],"wp:term":[{"taxonomy":"category","embeddable":true,"href":"https:\/\/diarioelpopular.com\/index.php\/wp-json\/wp\/v2\/categories?post=9614"},{"taxonomy":"post_tag","embeddable":true,"href":"https:\/\/diarioelpopular.com\/index.php\/wp-json\/wp\/v2\/tags?post=9614"}],"curies":[{"name":"wp","href":"https:\/\/api.w.org\/{rel}","templated":true}]}}