{"id":97659,"date":"2012-01-13T22:47:06","date_gmt":"2012-01-14T03:47:06","guid":{"rendered":"http:\/\/diarioelpopular.com\/?p=97659"},"modified":"2012-01-13T22:47:06","modified_gmt":"2012-01-14T03:47:06","slug":"coma-y-despres-se-jugaran-el-dakar-en-la-penultima-etapa","status":"publish","type":"post","link":"https:\/\/diarioelpopular.com\/index.php\/2012\/01\/13\/coma-y-despres-se-jugaran-el-dakar-en-la-penultima-etapa\/","title":{"rendered":"Coma y Despres se jugar\u00e1n el Dakar en la pen\u00faltima etapa"},"content":{"rendered":"<div id=\"attachment_97660\" style=\"width: 710px\" class=\"wp-caption aligncenter\"><a href=\"https:\/\/diarioelpopular.com\/wp-content\/uploads\/2012\/01\/Dakar-2012-etapa-12.jpg\"><img loading=\"lazy\" decoding=\"async\" aria-describedby=\"caption-attachment-97660\" class=\"size-full wp-image-97660\" title=\"Dakar 2012, etapa 12\" src=\"https:\/\/diarioelpopular.com\/wp-content\/uploads\/2012\/01\/Dakar-2012-etapa-12.jpg\" alt=\"\" width=\"700\" height=\"420\" \/><\/a><p id=\"caption-attachment-97660\" class=\"wp-caption-text\">La piloto espa\u00f1ola Eulalia Sanz Pla Gilibert (detr\u00e1s) y el portugu\u00e9s Pedro Bianchi Prata, durante la duod\u00e9cima etapa del Rally Dakar, entre Arequipa y Nazca, en Per\u00fa. Foto: Cezaro de Luca \/ Efe<\/p><\/div>\n<p><em><strong>Gerard Soler. Nasca (Per\u00fa).-<\/strong><\/em> El espa\u00f1ol Marc Coma (KTM) y el franc\u00e9s Cyril Despres (KTM) se jugar\u00e1n este s\u00e1bado en la pen\u00faltima etapa el triunfo en el Dakar\u00a02012. Este viernes, en uno de los \u00faltimos asaltos, Coma se llev\u00f3 la duod\u00e9cima etapa y recuper\u00f3 el liderato.<\/p>\n<p>El piloto catal\u00e1n sum\u00f3 su quinto triunfo de etapa en este\u00a0Dakar\u00a0y le sac\u00f3 3 minutos y 57 segundos a Despres, que termin\u00f3 cuarto. Coma relev\u00f3 a su rival al frente de la clasificaci\u00f3n general con una renta de un minuto y 35 segundos.<\/p>\n<p>La etapa, con 196 kil\u00f3metros cronometrados entre Arequipa y Nasca, se desarroll\u00f3 como ambos pilotos hab\u00edan previsto un d\u00eda antes.<\/p>\n<p>Despres, vencedor en la und\u00e9cima jornada, sali\u00f3 el primero con la tarea de abrir la pista. Coma, que sali\u00f3 cuatro minutos m\u00e1s tarde, le recuper\u00f3 ese tiempo y los dos llegaron pr\u00e1cticamente pegados a la meta.<\/p>\n<p>Los espa\u00f1oles Joan Barreda (Husqvarna) y Jordi Viladoms (KTM) se colaron en el duelo y fueron segundo y tercero, respectivamente, por lo que ma\u00f1ana saldr\u00e1n entre Coma y Despres en la pen\u00faltima etapa.<\/p>\n<p>Esto preocupa a Coma, dada la din\u00e1mica de este\u00a0Dakar, en el que el piloto que ha abierto la ruta ha cedido minutos en casi todas las jornadas.<\/p>\n<p>&#8220;Ma\u00f1ana ser\u00e1 muy complicado. El orden de salida no nos beneficia para nada, pero eso no quiere decir que no lo vayamos a intentar&#8221;, dijo Coma, que agreg\u00f3: &#8220;Lo l\u00f3gico es que me gane tiempo&#8221;.<\/p>\n<p>Pese a esto, dijo que prefiere que haya un par de pilotos entre ambos porque as\u00ed le puede costar un poco m\u00e1s encontrar su huella en el camino y la carrera puede ser m\u00e1s impredecible.<\/p>\n<p>Despres, por su parte, elogi\u00f3 a su rival, de quien dijo que es &#8220;r\u00e1pido y astuto&#8221;, y reconoci\u00f3 que ma\u00f1ana tiene una buena oportunidad para ara\u00f1ar alg\u00fan minuto.<\/p>\n<p>La jornada decisiva tendr\u00e1 375 kil\u00f3metros, 275 de ellos cronometrados, entre Nasca y Pisco. Como en la jornada de este viernes, habr\u00e1 mucha arena para despedir la \u00faltima etapa larga del rally y varios cordones de dunas.<\/p>\n<p>M\u00e1s all\u00e1 de la lucha entre Coma y Despres, la tercera plaza en el podio de Lima parece reservada para el portugu\u00e9s Helder Rodrigues (Yamaha), que le saca m\u00e1s de 25 minutos a Viladoms.<\/p>\n<p>En autos la jornada dej\u00f3 un contundente triunfo del estadounidense Robby Gordon (Hummer) que no tiene ninguna incidencia en la clasificaci\u00f3n general, que sigue comandada por el franc\u00e9s St\u00e9phane Peterhansel (Mini).<\/p>\n<p>El galo, que termin\u00f3 s\u00e9ptimo, tiene veinte minutos de ventaja sobre el espa\u00f1ol Joan &#8216;Nani&#8217; Roma, que hoy fue quinto. Ambos pasaron apuros en la blanda arena de las dunas de Nasca, donde encallaron sus veh\u00edculos.<\/p>\n<p>Peterhansel incluso lleg\u00f3 a pensar que perd\u00eda el liderato, aunque finalmente alcanz\u00f3 a &#8216;Nani&#8217;, que tambi\u00e9n cedi\u00f3 algunos minutos en el desierto.<\/p>\n<p>Han pasado muchos minutos, se nos han hecho eternos&#8221;, dijo el galo, que agreg\u00f3: &#8220;nos hemos salvado por los pelos&#8221;.<\/p>\n<p>Gordon, en tanto, no se mordi\u00f3 la lengua y dispar\u00f3 contra todo y contra todos luego de la victoria. &#8220;Hoy he demostrado que los Mini son unos coches de nenas porque les he sacado m\u00e1s de veinte minutos&#8221;, espet\u00f3.<\/p>\n<p>El estadounidense a\u00fan no ha digerido su expulsi\u00f3n del rally, acusado de modificar de forma ilegal el motor para ganar m\u00e1s potencia, aunque puede seguir en carrera mientras se resuelve su apelaci\u00f3n.<\/p>\n<p>&#8220;En lo que respecta a mi coche, es el mismo sistema que el a\u00f1o pasado, que fue aprobado por los comisarios. No tiene entrada de aire adicional&#8221;, se defendi\u00f3.<\/p>\n<p>Adem\u00e1s, lanz\u00f3 sus dardos hacia Peterhansel y &#8216;Nani&#8217;. &#8220;Me exasperan St\u00e9phane y &#8216;Nani&#8217;, que han puesto en duda mi honestidad diciendo que soy un tramposo. Hoy, sin embargo, he podido darles una buena patada en el culo&#8221;.<\/p>\n<p>El ruso Leonid Novitskiy (Mini) qued\u00f3 segundo en la duod\u00e9cima etapa por delante del sudafricano Giniel De Villiers (Toyota), que se ha afianzado en la tercera plaza de la general.<\/p>\n<p>En quads la victoria fue para el argentino Marcos Patronelli (Yamaha) y a solo 42 segundos lleg\u00f3 su hermano Alejandro, que tiene en el bolsillo su segundo\u00a0Dakarconsecutivo.<\/p>\n<p>Tambi\u00e9n parece vista para sentencia la carrera de camiones, en la que el holand\u00e9s Gerard De Rooy (Iveco) gan\u00f3 la etapa y tiene casi una hora de ventaja.<\/p>\n","protected":false},"excerpt":{"rendered":"<p>El espa\u00f1ol Marc Coma y el franc\u00e9s Cyril Despres se jugar\u00e1n este s\u00e1bado en la pen\u00faltima etapa el triunfo en el Dakar 2012. Este viernes, en uno de los \u00faltimos asaltos, Coma se llev\u00f3 la duod\u00e9cima etapa y recuper\u00f3 el liderato.<\/p>\n","protected":false},"author":1,"featured_media":97660,"comment_status":"closed","ping_status":"open","sticky":false,"template":"","format":"standard","meta":{"footnotes":""},"categories":[28],"tags":[46,170,173],"class_list":["post-97659","post","type-post","status-publish","format-standard","has-post-thumbnail","hentry","category-deportes","tag-dakar","tag-marc-coma","tag-rally"],"_links":{"self":[{"href":"https:\/\/diarioelpopular.com\/index.php\/wp-json\/wp\/v2\/posts\/97659","targetHints":{"allow":["GET"]}}],"collection":[{"href":"https:\/\/diarioelpopular.com\/index.php\/wp-json\/wp\/v2\/posts"}],"about":[{"href":"https:\/\/diarioelpopular.com\/index.php\/wp-json\/wp\/v2\/types\/post"}],"author":[{"embeddable":true,"href":"https:\/\/diarioelpopular.com\/index.php\/wp-json\/wp\/v2\/users\/1"}],"replies":[{"embeddable":true,"href":"https:\/\/diarioelpopular.com\/index.php\/wp-json\/wp\/v2\/comments?post=97659"}],"version-history":[{"count":0,"href":"https:\/\/diarioelpopular.com\/index.php\/wp-json\/wp\/v2\/posts\/97659\/revisions"}],"wp:featuredmedia":[{"embeddable":true,"href":"https:\/\/diarioelpopular.com\/index.php\/wp-json\/"}],"wp:attachment":[{"href":"https:\/\/diarioelpopular.com\/index.php\/wp-json\/wp\/v2\/media?parent=97659"}],"wp:term":[{"taxonomy":"category","embeddable":true,"href":"https:\/\/diarioelpopular.com\/index.php\/wp-json\/wp\/v2\/categories?post=97659"},{"taxonomy":"post_tag","embeddable":true,"href":"https:\/\/diarioelpopular.com\/index.php\/wp-json\/wp\/v2\/tags?post=97659"}],"curies":[{"name":"wp","href":"https:\/\/api.w.org\/{rel}","templated":true}]}}