{"id":9856,"date":"2011-08-30T21:29:12","date_gmt":"2011-08-31T01:29:12","guid":{"rendered":"http:\/\/retrolab.ca\/elpopular\/?p=9856"},"modified":"2011-08-30T21:29:12","modified_gmt":"2011-08-31T01:29:12","slug":"la-mayoria-aprueba-los-nuevos-nombres-de-la-marina-y-la-fuerza-aerea","status":"publish","type":"post","link":"https:\/\/diarioelpopular.com\/index.php\/2011\/08\/30\/la-mayoria-aprueba-los-nuevos-nombres-de-la-marina-y-la-fuerza-aerea\/","title":{"rendered":"La mayor\u00eda aprueba los nuevos nombres de la Marina y la Fuerza A\u00e9rea"},"content":{"rendered":"<div id=\"attachment_8296\" style=\"width: 310px\" class=\"wp-caption alignright\"><a href=\"http:\/\/retrolab.ca\/elpopular\/wp-content\/uploads\/2011\/08\/pg-3-2-Royal-foto-dentro.jpg\"><img loading=\"lazy\" decoding=\"async\" aria-describedby=\"caption-attachment-8296\" class=\"size-medium wp-image-8296\" title=\"Fuerza a\u00e9rea canadiense\" src=\"http:\/\/retrolab.ca\/elpopular\/wp-content\/uploads\/2011\/08\/pg-3-2-Royal-foto-dentro-300x180.jpg\" alt=\"\" width=\"300\" height=\"180\" \/><\/a><p id=\"caption-attachment-8296\" class=\"wp-caption-text\">El t\u00e9rmino \u201cReal\u201d fue retirado de los nombres de las fuerzas naval y a\u00e9rea en el a\u00f1o 1968<\/p><\/div>\n<p><em><strong>El Popular. Toronto.- <\/strong><\/em>Una mayor\u00eda de canadienses aprueba la decisi\u00f3n del gobierno conservador de Stephen Harper de <a href=\"https:\/\/diarioelpopular.com\/2011\/08\/la-restitucion-del-vinculo-monarquico-en-los-nombres-militares-repara-un-error-historico\/\">cambiar los nombres de la Marina y la Aviaci\u00f3n canadiense<\/a>, que han restituido el t\u00e9rmino &#8220;Real&#8221; en sus denominaciones, pasando a llamarse Royal Canadian Navy (Real Armada de Canad\u00e1) y Royal Canadian Air Force (Reales Fuerzas A\u00e9reas de Canad\u00e1), unos nombres que no hab\u00edan sido utilizados desde hac\u00eda m\u00e1s de cuarenta a\u00f1os.<\/p>\n<p>S\u00f3lo los quebequenses se oponen a estos cambios. As\u00ed lo refleja un sondeo de la firma Harris-Decima, seg\u00fan el cual el 56% de los encuestados est\u00e1n de acuerdo con esta decisi\u00f3n, frente al 31% que est\u00e1 en desacuerdo. Quebec es la \u00fanica provincia donde la mayor\u00eda de los ciudadanos rechazan la medida, con un con 46% en contra y un 41% a favor.<\/p>\n<p>El t\u00e9rmino \u201cReal\u201d hab\u00eda sido retirado de los nombres de las fuerzas naval y a\u00e9rea en el a\u00f1o 1968, cuando todas las ramas militares cambiaron su denominaci\u00f3n y se integraron bajo un mando central denominado Fuerzas Armadas de Canad\u00e1.<\/p>\n","protected":false},"excerpt":{"rendered":"<p>Una mayor\u00eda de canadienses aprueba la decisi\u00f3n del gobierno conservador de Stephen Harper de cambiar los nombres de la Marina y la Aviaci\u00f3n canadiense, que han restituido el t\u00e9rmino &#8220;real&#8221; en sus denominaciones.<\/p>\n","protected":false},"author":1,"featured_media":8296,"comment_status":"closed","ping_status":"open","sticky":false,"template":"","format":"standard","meta":{"footnotes":""},"categories":[21],"tags":[7487,7488,7229,7230,7231,7232],"class_list":["post-9856","post","type-post","status-publish","format-standard","has-post-thumbnail","hentry","category-canada","tag-armada","tag-fuerza-aerea","tag-reales-fuerzas-aereas-de-canada","tag-royal","tag-royal-canadian-air-force","tag-royal-canadian-navy"],"_links":{"self":[{"href":"https:\/\/diarioelpopular.com\/index.php\/wp-json\/wp\/v2\/posts\/9856","targetHints":{"allow":["GET"]}}],"collection":[{"href":"https:\/\/diarioelpopular.com\/index.php\/wp-json\/wp\/v2\/posts"}],"about":[{"href":"https:\/\/diarioelpopular.com\/index.php\/wp-json\/wp\/v2\/types\/post"}],"author":[{"embeddable":true,"href":"https:\/\/diarioelpopular.com\/index.php\/wp-json\/wp\/v2\/users\/1"}],"replies":[{"embeddable":true,"href":"https:\/\/diarioelpopular.com\/index.php\/wp-json\/wp\/v2\/comments?post=9856"}],"version-history":[{"count":0,"href":"https:\/\/diarioelpopular.com\/index.php\/wp-json\/wp\/v2\/posts\/9856\/revisions"}],"wp:featuredmedia":[{"embeddable":true,"href":"https:\/\/diarioelpopular.com\/index.php\/wp-json\/"}],"wp:attachment":[{"href":"https:\/\/diarioelpopular.com\/index.php\/wp-json\/wp\/v2\/media?parent=9856"}],"wp:term":[{"taxonomy":"category","embeddable":true,"href":"https:\/\/diarioelpopular.com\/index.php\/wp-json\/wp\/v2\/categories?post=9856"},{"taxonomy":"post_tag","embeddable":true,"href":"https:\/\/diarioelpopular.com\/index.php\/wp-json\/wp\/v2\/tags?post=9856"}],"curies":[{"name":"wp","href":"https:\/\/api.w.org\/{rel}","templated":true}]}}