{"id":9952,"date":"2011-08-31T16:50:12","date_gmt":"2011-08-31T20:50:12","guid":{"rendered":"http:\/\/retrolab.ca\/elpopular\/?p=9952"},"modified":"2011-08-31T16:50:12","modified_gmt":"2011-08-31T20:50:12","slug":"notas-del-futbol-hispano-11","status":"publish","type":"post","link":"https:\/\/diarioelpopular.com\/index.php\/2011\/08\/31\/notas-del-futbol-hispano-11\/","title":{"rendered":"Notas del f\u00fatbol hispano"},"content":{"rendered":"<div id=\"attachment_9956\" style=\"width: 240px\" class=\"wp-caption alignright\"><a href=\"http:\/\/retrolab.ca\/elpopular\/wp-content\/uploads\/2011\/08\/FOTO-2-NOTAS3.jpg\"><img loading=\"lazy\" decoding=\"async\" aria-describedby=\"caption-attachment-9956\" class=\"size-medium wp-image-9956\" title=\"Juan M\u00e1rquez, el \u201cchino\u201d\" src=\"http:\/\/retrolab.ca\/elpopular\/wp-content\/uploads\/2011\/08\/FOTO-2-NOTAS3-230x300.jpg\" alt=\"\" width=\"230\" height=\"300\" \/><\/a><p id=\"caption-attachment-9956\" class=\"wp-caption-text\">Juan M\u00e1rquez, el \u201cchino\u201d, reaparece en Copihues Rojos, en la fecha del s\u00e1bado 10 de septiembre en la Liga Hispana<\/p><\/div>\n<p>Varias ligas veraniegas latinas paralizaran sus torneos no por la pr\u00f3xima fecha FIFA al igual que en la mayor\u00eda de pa\u00edses en el mundo, sino m\u00e1s bien por el \u00faltimo largo fin de semana veraniego. Los campeonatos retornar\u00e1n el s\u00e1bado 10 de septiembre y poco a poco vienen ingresando a sus etapas finales. Mientras tanto ya se comienzan anunciar los torneos invernales que deben iniciar sus pre temporadas a fines de octubre. Se afirman que se avecinan dos ligas nuevas a las varias ya establecidas; una de estas es la Liga Hispana y su promocionado primer torneo de indoor, y otra aun se mantiene en misterio viene trabajando activamente en la tarea de invitar equipos\u2026<\/p>\n<p>Nuestras mas sentidas condolencias a Gilberto \u201ccharolito\u201d Palacios y familia, que tuvieron la desdicha de perder su nieto de apenas 22 a\u00f1os de nombre Rendell Ashton Palacios, fallecido en los primeros d\u00edas de la semana anterior, a quien conocimos de peque\u00f1o en la \u201ccueva de los tiburones\u201d sede del club Deportivo Tarqui, cuando \u201ccharolito\u201d con su car\u00e1cter bonach\u00f3n, cargaba cari\u00f1osamente a su primer nieto en medio de sus amigos presentes en aquellos gratos momentos ya idos de tanta alegr\u00eda y bohemia\u2026<\/p>\n<p>Joey Tituana, hijo del destacado jugador Carlos Tituana, del Pichincha, es uno de los alumnos de la academia Tuzos Pachuca de Ontario. Joey, pronto viajara a Pachuca, M\u00e9xico, para recibir clases en la Universidad del futbol propiedad del este gran club mexicano profesional. Joey, integrara una delegaci\u00f3n de varios de los alumnos de Toronto. Existen posibilidades que alguno de estos juveniles sigan sus clases futbol\u00edsticas y estudiantiles en las instalaciones de primer mundo que tiene el club Pachuca en M\u00e9xico\u2026<\/p>\n<div id=\"attachment_9963\" style=\"width: 310px\" class=\"wp-caption alignleft\"><a href=\"http:\/\/retrolab.ca\/elpopular\/wp-content\/uploads\/2011\/08\/FOTO-8-NOTAS3.jpg\"><img loading=\"lazy\" decoding=\"async\" aria-describedby=\"caption-attachment-9963\" class=\"size-medium wp-image-9963\" title=\"Per\u00fa Andino\" src=\"http:\/\/retrolab.ca\/elpopular\/wp-content\/uploads\/2011\/08\/FOTO-8-NOTAS3-300x187.jpg\" alt=\"\" width=\"300\" height=\"187\" \/><\/a><p id=\"caption-attachment-9963\" class=\"wp-caption-text\">Per\u00fa Andino se alista para participar en el homenaje p\u00f3stumo hacia Ricardo Uyema en la cancha de Weston Lions, el s\u00e1bado 10 de septiembre<\/p><\/div>\n<p>Orlando Guzm\u00e1n, me comunica que un grupo de equipos peruanos organizar\u00e1n un homenaje p\u00f3stumo a su gran amigo Ricardo Uyema Torres, el s\u00e1bado 10 de septiembre en las instalaciones del Weston Lions fields a partir de la una de la tarde. La Selecci\u00f3n Peruana masters de Montreal con su entrenador Guillermo Zapata, estar\u00e1 en este evento recordatorio hacia el \u201cChino\u201d Uyema, que falleciera semanas atr\u00e1s en Toronto precisamente luego de jugar un partido en esta cancha de Weston Lions.<\/p>\n<div id=\"attachment_9954\" style=\"width: 177px\" class=\"wp-caption alignright\"><a href=\"http:\/\/retrolab.ca\/elpopular\/wp-content\/uploads\/2011\/08\/FOTO-1-NOTAS4.jpg\"><img loading=\"lazy\" decoding=\"async\" aria-describedby=\"caption-attachment-9954\" class=\"size-medium wp-image-9954 \" title=\"Alejandro Moya\" src=\"http:\/\/retrolab.ca\/elpopular\/wp-content\/uploads\/2011\/08\/FOTO-1-NOTAS4-209x300.jpg\" alt=\"\" width=\"167\" height=\"240\" \/><\/a><p id=\"caption-attachment-9954\" class=\"wp-caption-text\">Alejandro Moya, el \u201cMaradona de la calle College\u201d, se despide del f\u00fatbol<\/p><\/div>\n<p>En este mismo complejo deportivo con cancha artificial este s\u00e1bado a partir de las 2 y 30 de la tarde, el equipo Ambato es Internacional organizar\u00e1 una despedida a Alejandro Moya, el \u201cMaradona de la calle College\u201d que se aleja del futbol activo. De esta forma se jugar\u00e1 un partido entre Ambato es Internacional de Wilfrido Galora ante un equipo de los Amigos de Alejandro Moya que viene organizando Rub\u00e9n Dom\u00ednguez, que vuelve al f\u00fatbol por el digno motivo de despedir a un amigo como Alex, que jug\u00f3 grandes partidos con el Club Andes en los primeros torneos invernales de Atl\u00e9tico Ecuador en el gimnasio King Edward muy cerquita a la calle College. Antes Alex Moya, defendi\u00f3 al Barcelona en los tiempos de F\u00e9lix Redwood y Pedro Narv\u00e1ez, aunque se inicio el equipo Guayaquil FC del barrio de Milvan. En la programaci\u00f3n de este s\u00e1bado se contar\u00e1 con sorpresas, pic nic y mucho m\u00e1s. Don Galorita, tiene estos aspectos gratos para los amigos y jugadores de su equipo en fechas importantes. Me parece que es la primera vez se organiza una despedida a un jugador del f\u00fatbol activo en nuestras ligas. En cambio numerosos jugadores, entrenadores y jugadores a veces pasan a mejor vida para que reciente se acuerden de ellos. Oh humanidad\u2026<\/p>\n<div id=\"attachment_9966\" style=\"width: 173px\" class=\"wp-caption alignleft\"><a href=\"http:\/\/retrolab.ca\/elpopular\/wp-content\/uploads\/2011\/08\/FOTO-5-NOTAS2.jpg\"><img loading=\"lazy\" decoding=\"async\" aria-describedby=\"caption-attachment-9966\" class=\"size-medium wp-image-9966\" title=\"Artigas Carsin\" src=\"http:\/\/retrolab.ca\/elpopular\/wp-content\/uploads\/2011\/08\/FOTO-5-NOTAS2-163x300.jpg\" alt=\"\" width=\"163\" height=\"300\" \/><\/a><p id=\"caption-attachment-9966\" class=\"wp-caption-text\">El goleador Artigas Carsin, del Deportivo Cuenca, con su hijo Lucas Carsin Piotti, nieto de Jorge Piotti, otrora gran delantero argentino en el futbol italiano en los tiempos de Sivori, Angelillo y otros grandes del futbol gaucho<\/p><\/div>\n<p>El exmundialista brasile\u00f1o S\u00f3crates revel\u00f3 que la gravedad de la enfermedad por la que est\u00e1 ingresado desde hace m\u00e1s de una semana en un hospital de Sao Paulo lo sorprendi\u00f3 y que estuvo a punto de temer por su vida, seg\u00fan revel\u00f3 el ex jugador en una entrevista publicada en la prensa. S\u00f3crates, de 57 a\u00f1os y quien desde el 19 de agosto est\u00e1 internado en el Hospital Israelita Albert Einstein, manifest\u00f3 al diario Folha de Sao Paulo: \u201cllegu\u00e9 cerca (de sentir temor por su vida), pero antes pas\u00e9 por situaciones tal vez m\u00e1s pr\u00f3ximas (a la muerte)\u201d. \u201cEste caso espec\u00edfico fue medio sorprendente, porque hac\u00eda tres meses que no consum\u00eda alcohol\u201d, relat\u00f3 S\u00f3crates, quien fue internado por una hemorragia digestiva causada por una hipertensi\u00f3n y que lo oblig\u00f3 a permanecer en los primeros d\u00edas de su hospitalizaci\u00f3n en una unidad de cuidados intensivos. \u201cMi h\u00edgado tiene algunos problemas, pero \u00e9l funciona bien. Buena parte de \u00e9l funciona bien. Voy a parar de beber y mi h\u00edgado va a mejorar. Creo que no voy a hacerme un trasplante, creo que no lo voy a necesitar\u201d, expres\u00f3 el ex futbolista, un bohemio declarado. \u201cVoy a trabajar como m\u00e9dico. Cuando brome\u00e9 que estaba en el hospital para conseguir trabajo, lo consegu\u00ed (risas). Voy a trabajar con el equipo de trasplantes de h\u00edgado. Comenc\u00e9 a estudiar el campo hep\u00e1tico y trabajar\u00e9 principalmente en la parte pol\u00edtica con la divulgaci\u00f3n de informaci\u00f3n y la importancia de ser donantes\u201d, apunt\u00f3&#8230;<\/p>\n<p>El delantero juvenil costarricense John Jairo Ruiz es pretendido por el Barcelona, que ha presentado una oferta formal por el jugador, confirmaron hoy su representante y autoridades del Deportivo Saprissa, club due\u00f1o del futbolista. El agente de Ruiz, el espa\u00f1ol Ricardo Caba\u00f1as, indic\u00f3 a medios deportivos locales que la oferta fue hecha y que ahora est\u00e1 en manos del Saprissa la decisi\u00f3n final. &#8220;Es una buena oferta que ya est\u00e1 en la mesa del Saprissa, ellos ahora son los encargados de determinar si es conveniente o no para las partes&#8221;, dijo Caba\u00f1as a la prensa costarricense. El joven delantero, que particip\u00f3 en el Mundial sub 20 en Colombia, podr\u00eda debutar hoy en la Primera Divisi\u00f3n costarricense, cuando Saprissa se enfrente a Ori\u00f3n. Por su parte, el presidente del Saprissa, Juan Carlos Rojas, reconoci\u00f3 que la oferta est\u00e1 sobre la mesa y asegur\u00f3 que la reciben con calma pues han decidido que no ceder\u00e1n a Ruiz a ning\u00fan otro equipo antes de enero del pr\u00f3ximo a\u00f1o. Rojas indic\u00f3 que hay otras ofertas por el jugador, aunque no precis\u00f3 qu\u00e9 clubes. Sin embargo, la prensa local sostiene que se trata del Rubin Kazan de Rusia y el Palermo de Italia\u2026<\/p>\n<div id=\"attachment_9968\" style=\"width: 233px\" class=\"wp-caption alignright\"><a href=\"http:\/\/retrolab.ca\/elpopular\/wp-content\/uploads\/2011\/08\/FOTO-6-NOTAS5.jpg\"><img loading=\"lazy\" decoding=\"async\" aria-describedby=\"caption-attachment-9968\" class=\"size-medium wp-image-9968\" title=\"Cesar \u201cchecho\u201d Murillo\" src=\"http:\/\/retrolab.ca\/elpopular\/wp-content\/uploads\/2011\/08\/FOTO-6-NOTAS5-223x300.jpg\" alt=\"\" width=\"223\" height=\"300\" \/><\/a><p id=\"caption-attachment-9968\" class=\"wp-caption-text\">El goleador Cesar \u201cchecho\u201d Murillo, jugador del Ciudad de Quito en la Liga Hispana, estar\u00e1 en el equipo de los amigos de Alejandro \u201cMaradona\u201d Moya, este s\u00e1bado a partir de las 2 y 30 de la tarde en Weston Lions<\/p><\/div>\n<p>El uruguayo Diego Forl\u00e1n, traspasado al Inter de Mil\u00e1n, cierra una etapa brillante en el Atl\u00e9tico de Madrid, con el que ha levantado dos t\u00edtulos europeos en 2010, con el que ha logrado la \u00fanica Bota de Oro de la historia del club, con 32 goles, y con el que ha marcado 96 tantos en 198 partidos oficiales. Son unos n\u00fameros sobresalientes para el atacante charr\u00faa en sus cuatro temporadas, m\u00e1s dos encuentros en la tercera ronda previa de la Liga Europa de la actual campa\u00f1a, en el conjunto rojiblanco, del que ahora, a sus 32 a\u00f1os, toma rumbo al Inter como un goleador indiscutible y como reciente campe\u00f3n de la Copa Am\u00e9rica con Uruguay. Ha finalizado su ciclo con el equipo madrile\u00f1o, con el que ten\u00eda dos a\u00f1os m\u00e1s de contrato. La insistencia y la pretensi\u00f3n del club de traspasarlo desde inicios de este verano y la llegada de una oferta apetecible, desde un aspirante a todo y de un equipo de Liga de Campeones como el Inter, han acelerado su salida del Atl\u00e9tico. Forl\u00e1n ha sido un futbolista important\u00edsimo en el conjunto rojiblanco, un goleador imprescindible en los \u00e9xitos m\u00e1s recientes del equipo. Fue el h\u00e9roe de la final de la Liga Europa de Hamburgo, con los dos goles del triunfo de su equipo frente al Fulham (2-1), y el l\u00edder ofensivo en la clasificaci\u00f3n para Liga de Campeones durante dos a\u00f1os seguidos, en las temporadas 2007-08 y 2008-09. M\u00e1s all\u00e1 de su relaci\u00f3n pol\u00e9mica, en ocasiones, con la grada, sus n\u00fameros hablan por s\u00ed solos: dos t\u00edtulos en 2010, una Bota de Oro, la primera y \u00fanica de la historia del Atl\u00e9tico, en 2008-09, con 32 goles en 33 partidos de Liga, y 96 tantos en cuatro a\u00f1os con la camiseta rojiblanca, repartidos en 198 encuentros oficiales. Sus anteriores temporadas en el Atl\u00e9tico fueron pr\u00e1cticamente impecables. Desde su primera campa\u00f1a en el club, que pag\u00f3 21 millones de euros al Villarreal para su traspaso, en 2007-08. Marc\u00f3 23 goles (diecis\u00e9is en Liga, uno en Copa del Rey, cinco en torneos europeos y uno en la Copa Intertoto) en 53 encuentros y finaliz\u00f3 la Liga con la vuelta del equipo a la Liga de Campeones tras once a\u00f1os\u2026<\/p>\n<div id=\"attachment_9970\" style=\"width: 208px\" class=\"wp-caption alignright\"><a href=\"http:\/\/retrolab.ca\/elpopular\/wp-content\/uploads\/2011\/08\/FOTO-7-NOTAS5.jpg\"><img loading=\"lazy\" decoding=\"async\" aria-describedby=\"caption-attachment-9970\" class=\"size-medium wp-image-9970\" title=\"Diego Montalvo\" src=\"http:\/\/retrolab.ca\/elpopular\/wp-content\/uploads\/2011\/08\/FOTO-7-NOTAS5-198x300.jpg\" alt=\"\" width=\"198\" height=\"300\" \/><\/a><p id=\"caption-attachment-9970\" class=\"wp-caption-text\">Diego Montalvo, dirigente, entrenador y mucho m\u00e1s del Ecuador United, en su tarea antes de los partidos en la Liga hispana<\/p><\/div>\n<p>La selecci\u00f3n Honduras que dirige el colombiano Luis Fernando Su\u00e1rez, viaja a la ciudad de Fort Lauderdale, Miami, donde entrenar\u00e1, previo a los amistosos del 3 y 6 de septiembre, ante Colombia y Paraguay, respectivamente. Los convocados por el t\u00e9cnico cafetero, que militan en el torneo local, partir\u00e1n desde la ciudad de Tegucigalpa y San Pedro Sula y en Estados Unidos, se unir\u00e1n los elementos que militan en el balompi\u00e9 extranjero. La bicolor tiene previsto efectuar su primera sesi\u00f3n de entrenamientos hoy por la tarde hasta el jueves, y el viernes 2 viajar\u00e1 a la ciudad de New York, para el d\u00eda siguiente jugar ante su similar de Colombia, en el Red Bull Arena. Ante el seleccionado de su pa\u00eds, Su\u00e1rez t\u00e9cnico de los \u201ccatrachos\u201d contar\u00e1 con seis legionarios, entre los que se destacan V\u00edctor Bern\u00e1rdez del Indios de M\u00e9xico, Maynor Figueroa y Hendry Thomas del Wigan de Inglaterra, Marvin Ch\u00e1vez del Dallas, Carlo Costly del Houston Dynamo y Andy Najar del DC United, estos tres \u00faltimos clubes de la MLS. De \u00faltimo momento el seleccionador nacional convoc\u00f3 para los dos amistosos de la fecha FIFA de septiembre, al volante Mariano Acevedo y al delantero Allan Lal\u00edn, quienes cubrir\u00e1n las vacantes del goleador de Marath\u00f3n, Marco Tulio Vega, quien por problemas de documentaci\u00f3n se perder\u00e1 su debut con el representativo nacional y de Roger Espinoza, quien solicit\u00f3 permiso al cuerpo t\u00e9cnico por tener compromisos con su equipo el Sporting Kansas City. El domingo 4 la selecci\u00f3n tiene previsto regresar al pa\u00eds, donde el martes jugar\u00e1 con Paraguay, en el estadio Ol\u00edmpico\u2026<\/p>\n<div id=\"attachment_9961\" style=\"width: 202px\" class=\"wp-caption alignleft\"><a href=\"http:\/\/retrolab.ca\/elpopular\/wp-content\/uploads\/2011\/08\/FOTO-4-NOTAS3.jpg\"><img loading=\"lazy\" decoding=\"async\" aria-describedby=\"caption-attachment-9961\" class=\"size-medium wp-image-9961  \" title=\"Roberto \u201csuperman\u201d Martinez\" src=\"http:\/\/retrolab.ca\/elpopular\/wp-content\/uploads\/2011\/08\/FOTO-4-NOTAS3-300x260.jpg\" alt=\"\" width=\"192\" height=\"166\" \/><\/a><p id=\"caption-attachment-9961\" class=\"wp-caption-text\">El golero Roberto \u201csuperman\u201d Martinez (izq.), reciente debut con Copihues, con su compa\u00f1ero Jimmy C\u00f3rdova en la liga hispana<\/p><\/div>\n<p>Despu\u00e9s de varias temporadas volvi\u00f3 a la Liga  Hispanoamericana, el golero Roberto \u201cSuperman\u201d Mart\u00ednez, debutando por  Copihues Rojos que aunque perdi\u00f3, don Roberto no tuvo culpa alguna en  los goles que le anotaron. Roberto, recordaba que el \u00faltimo equipo que  defendi\u00f3 en la hispana fue el Argentina United en los veteranos. Adem\u00e1s  del Copihues, Roberto es titular en el equipo Esmeralda United de Jorge  Andrade que va puntero en la centro sur\u2026<\/p>\n<p>Rodrigo Ponce, celebr\u00f3 su reciente cumplea\u00f1os con sus amigos de la zona del norte de la ciudad; ese mismo d\u00eda viernes pasado, tambi\u00e9n Fernando Valladares, cumpli\u00f3 su onom\u00e1stico: \u201cyo soy cinco a\u00f1os mayor que Fernando\u201d\u2026 comentaba \u201cRodri\u201d, que no dec\u00eda la edad como si se tratara de un secreto de estado. Parece que ambos lo celebrar\u00e1n en el pr\u00f3ximo Festival Hispanic Fiesta que arranca este viernes: \u00a1Felicidades!<\/p>\n<div id=\"attachment_9958\" style=\"width: 310px\" class=\"wp-caption alignright\"><a href=\"http:\/\/retrolab.ca\/elpopular\/wp-content\/uploads\/2011\/08\/FOTO-3-NOTAS4.jpg\"><img loading=\"lazy\" decoding=\"async\" aria-describedby=\"caption-attachment-9958\" class=\"size-medium wp-image-9958\" title=\"Selecci\u00f3n canadiense\" src=\"http:\/\/retrolab.ca\/elpopular\/wp-content\/uploads\/2011\/08\/FOTO-3-NOTAS4-300x271.jpg\" alt=\"\" width=\"300\" height=\"271\" \/><\/a><p id=\"caption-attachment-9958\" class=\"wp-caption-text\">Jugadores  de la selecci\u00f3n canadiense, festejando un gol. Esperamos que esta  escena se repita en numerosas ocasiones ahora que comienza las  eliminatorias para Canad\u00e1 con rumbo Brasil 2014: Vamos muchachos. Foto:  Hugo Vera M\u00e9ndez<\/p><\/div>\n<p>Un gol de Chris Wondolowski a tres minutos del final le permiti\u00f3 a San  Jose Earthquakes rescatar un empate frente al Toronto FC. El equipo  escarlata se puso en ventaja oportunamente a los 30&#8242; del primer tiempo.  Eric Avila tom\u00f3 un bal\u00f3n perdido en el \u00e1rea y meti\u00f3 un remate bajo para  vencer a Jon Busch. Fue el primer jugador del joven mexicoamericano  desde su paso al cuadro canadiense desde el FC Dallas. Los Quakes  tuvieron que esperar hasta tarde en el partido para responder el golpe.  Bobby Burling pein\u00f3 un saque lateral y apareci\u00f3 Wondolowski con su  olfato goleador para marcar un gol important\u00edsimo. El gol lleg\u00f3 luego de  que Toronto pudiese ponerse 2-0. Ryan Johnson, un ex Earthquakes  asisti\u00f3 a Joao Plata, quien marc\u00f3 un gol que fue anulado por un dudoso  offside\u2026<\/p>\n<p>Canad\u00e1 comienza su dif\u00edcil traves\u00eda de clasificar al Mundial Brasil 2014, cuando se mida ante St. Lucia, este viernes 2 a partir de las 8 de la noche en el BMO. La Canadian Soccer Asociation, viene apoyando una gran barra denominada la marea roja para apoyar a los muchachos de la selecci\u00f3n que mayormente cuando juegan en casa, parecen m\u00e1s visitantes que nada. Pero ahora este movimiento desea imponer el lema: \u201cla casa se respeta\u201d, al igual que en todas partes del mundo\u2026<\/p>\n<p>Hasta la pr\u00f3xima&#8230;<\/p>\n","protected":false},"excerpt":{"rendered":"<p>Varias ligas veraniegas latinas paralizaran sus torneos no por la pr\u00f3xima fecha FIFA al igual que en la mayor\u00eda de pa\u00edses en el mundo, sino&hellip;<\/p>\n","protected":false},"author":1,"featured_media":9973,"comment_status":"closed","ping_status":"open","sticky":false,"template":"","format":"standard","meta":{"footnotes":""},"categories":[28],"tags":[657],"class_list":["post-9952","post","type-post","status-publish","format-standard","has-post-thumbnail","hentry","category-deportes","tag-futbol-hispano"],"_links":{"self":[{"href":"https:\/\/diarioelpopular.com\/index.php\/wp-json\/wp\/v2\/posts\/9952","targetHints":{"allow":["GET"]}}],"collection":[{"href":"https:\/\/diarioelpopular.com\/index.php\/wp-json\/wp\/v2\/posts"}],"about":[{"href":"https:\/\/diarioelpopular.com\/index.php\/wp-json\/wp\/v2\/types\/post"}],"author":[{"embeddable":true,"href":"https:\/\/diarioelpopular.com\/index.php\/wp-json\/wp\/v2\/users\/1"}],"replies":[{"embeddable":true,"href":"https:\/\/diarioelpopular.com\/index.php\/wp-json\/wp\/v2\/comments?post=9952"}],"version-history":[{"count":0,"href":"https:\/\/diarioelpopular.com\/index.php\/wp-json\/wp\/v2\/posts\/9952\/revisions"}],"wp:featuredmedia":[{"embeddable":true,"href":"https:\/\/diarioelpopular.com\/index.php\/wp-json\/"}],"wp:attachment":[{"href":"https:\/\/diarioelpopular.com\/index.php\/wp-json\/wp\/v2\/media?parent=9952"}],"wp:term":[{"taxonomy":"category","embeddable":true,"href":"https:\/\/diarioelpopular.com\/index.php\/wp-json\/wp\/v2\/categories?post=9952"},{"taxonomy":"post_tag","embeddable":true,"href":"https:\/\/diarioelpopular.com\/index.php\/wp-json\/wp\/v2\/tags?post=9952"}],"curies":[{"name":"wp","href":"https:\/\/api.w.org\/{rel}","templated":true}]}}